{"id":88,"date":"2018-07-27T13:06:59","date_gmt":"2018-07-27T13:06:59","guid":{"rendered":"https:\/\/maanjataivaanvali.com\/?p=88"},"modified":"2022-07-25T09:33:54","modified_gmt":"2022-07-25T06:33:54","slug":"paivan-sateltviitit","status":"publish","type":"post","link":"https:\/\/maanjataivaanvali.com\/?p=88","title":{"rendered":"P\u00e4iv\u00e4n sateltviitit"},"content":{"rendered":"<p>\u201dKai s\u00e4 sit laitat v\u00e4lill\u00e4 jotain Facebook-p\u00e4ivityksi\u00e4?\u201d Tuon kysymyksen kuulin aika monesti viime p\u00e4ivin\u00e4. Ja vastaus oli aina sama: \u201d\u00d6\u00f6\u00f6\u2026En laita\u201d. Lapin er\u00e4maissa nyt ei aina ole ihan 4G-yhteytt\u00e4 saatavanakaan, enk\u00e4 haluaisi aggregaattia kantaa mukana, ett\u00e4 iPhonelle riitt\u00e4isi virtasia.<\/p>\n<p>Vaan tulinpa sitten ajatelleeksi, ett\u00e4 onhan mulla tuo Garminin satelliittiviestin mukana, eik\u00e4 se kauheasti akkua sy\u00f6 jos yhden viestin p\u00e4iv\u00e4ss\u00e4 laittaa liikkeelle. Viestien merkkim\u00e4\u00e4r\u00e4 on rajattu 160:een, joten aika pelkistettyj\u00e4 uutisia on luvassa. Twitteri\u00e4h\u00e4n mulla ei tunnetusti ole, mutta eik\u00f6h\u00e4n aika nopeasti palaudu mieleen ne ajat, jolloin tekstiviestienkin merkkim\u00e4\u00e4r\u00e4 oli samalla tavalla rajattu. Olkoon t\u00e4m\u00e4 t\u00e4ysin uusi viestint\u00e4muoto nyt nimetty sateltviitiksi. Itse tekstin lis\u00e4ksi hienoutena on se, ett\u00e4 mukana on my\u00f6s karttalinkki, josta n\u00e4kee hyvinkin tarkasti senhetkisen sijaintini. Jos joku on silloin niill\u00e4 main liikkeell\u00e4, niin tulkaapa nykim\u00e4\u00e4n hihoista. Pistet\u00e4\u00e4n kaffet tulille.<\/p>\n<p>Yst\u00e4v\u00e4ni Sara on lupautunut toimimaan \u201dmediavastaavana\u201d ja laittamaan l\u00e4hett\u00e4m\u00e4ni s\u00e4hk\u00f6sanomat t\u00e4h\u00e4n postaukseen. Kiitokset siit\u00e4 jo n\u00e4in etuk\u00e4teen.<\/p>\n<p><strong>P\u00e4iv\u00e4 0<\/strong><\/p>\n<p>T\u00e4h\u00e4n saadaan viel\u00e4 hiukan pidempikin p\u00e4tk\u00e4, kun ollaan viel\u00e4 verkkoyhteyksien ja -virran \u00e4\u00e4rell\u00e4. Ajomatka takana, ja y\u00f6 Kenestuvalla edess\u00e4. Huomenna viel\u00e4 siirtyminen Sevettij\u00e4rvelle, jonne uskollinen Scodillac j\u00e4\u00e4 odottamaan is\u00e4nt\u00e4ns\u00e4 paluuta. Jotenkin ep\u00e4todellinen olo. Ty\u00f6t vaihtumassa lomaksi, ajomatka vaihtumassa vaellukseksi, l\u00e4hes vuoden suunnittelu vaihtumassa todellisuudeksi, eik\u00e4 oikeen viel\u00e4 osaa mit\u00e4\u00e4n n\u00e4ist\u00e4 vaihdoksista sis\u00e4ist\u00e4\u00e4. Ja viel\u00e4 se, ett\u00e4 t\u00e4ss\u00e4 Kenestuvalla ollessa n\u00e4en kohdan, josta noin kolmen viikon kuluttua tulen Kevon kanjonista ulos, ja mist\u00e4 kohtaa l\u00e4hden taas mets\u00e4\u00e4n jatkamaan kohti Adolfin kammia. P\u00e4\u00e4llimm\u00e4isen\u00e4 tunteena on kuitenkin ihan hillit\u00f6n j\u00e4nnitys. Eik\u00e4 se ole sellaista pelonsekaista j\u00e4nnityst\u00e4, kuten vaikka ennen puheen pit\u00e4mist\u00e4 yleis\u00f6lle. Vaan sellaista pienen lapsen t\u00e4pin\u00e4-innostus-\u201dhuomenna menn\u00e4\u00e4\u00e4n S\u00e4rk\u00e4nniemeen\u201d-j\u00e4nnityst\u00e4. T\u00e4st\u00e4 tulee niiiiiin siisti\u00e4!<\/p>\n<p>Nyt m\u00e4 vaikenen ja alan leikkim\u00e4\u00e4n er\u00e4jormaa (engl. period-dick). N\u00e4hd\u00e4\u00e4n syyskuussa<\/p>\n<p><a href=\"http:\/\/inr.ch\/HOBOQJR\">inr.ch\/HOBOQJR<\/a><\/p>\n<p><strong>P\u00e4iv\u00e4 1<\/strong><\/p>\n<p><a href=\"http:\/\/inr.ch\/GID2HDR\">http:\/\/inr.ch\/GID2HDR<\/a><\/p>\n<p><strong>P\u00e4iv\u00e4 2<\/strong><\/p>\n<p><a href=\"http:\/\/inr.ch\/Y2G2STJ\">http:\/\/inr.ch\/Y2G2STJ<\/a><\/p>\n<p><strong>P\u00e4iv\u00e4 3<\/strong><\/p>\n<p><a href=\"http:\/\/inr.ch\/326LZ2Z\">http:\/\/inr.ch\/326LZ2Z<\/a><\/p>\n<p><strong>P\u00e4iv\u00e4 4<\/strong><\/p>\n<p><a href=\"http:\/\/inr.ch\/WJER5GZ\">http:\/\/inr.ch\/WJER5GZ<\/a><\/p>\n<p><strong>P\u00e4iv\u00e4 5<\/strong><\/p>\n<p><a href=\"http:\/\/inr.ch\/3OIGYPJ\">http:\/\/inr.ch\/3OIGYPJ<\/a><\/p>\n<p>Pieni jatko edit itse retkeilij\u00e4lt\u00e4 \ud83d\ude0a. Sain kyydin melkein Nuorgamiin asti, joten nyt on t\u00e4ydennyspakkaus ruokaa haettu ( ja j\u00e4\u00e4tel\u00f6 ja kylm\u00e4 olut nautittu). Alkumatka ollut todella l\u00e4mmin ja vett\u00e4 on kulunut 5-6 litraa per p\u00e4iv\u00e4. Ajatelkaapa jos kaikki se vesi pit\u00e4isi keitt\u00e4\u00e4, saati sitten kantaa mukana. On ihan \u00e4lytt\u00f6m\u00e4n hienoa ett\u00e4 t\u00e4\u00e4ll\u00e4 pohjosessa k\u00e4yt\u00e4nn\u00f6ss\u00e4 kaikki vesi on suoraan juomakelpoista. Pidet\u00e4\u00e4n kiinni, ett\u00e4 niin on jatkossakin! \ud83d\udc4d<\/p>\n<p><strong>P\u00e4iv\u00e4 6<\/strong><\/p>\n<p><a href=\"http:\/\/inr.ch\/RTWXDGR\">http:\/\/inr.ch\/RTWXDGR<\/a><\/p>\n<p><strong>P\u00e4iv\u00e4 7<\/strong><\/p>\n<p><a href=\"http:\/\/inr.ch\/V3MBT6R\">http:\/\/inr.ch\/V3MBT6R<\/a><\/p>\n<p>Taas on virtaa verkoissa ja verkkoja virroissa. Tenon varrella Utsjoella ollaan. Reissun ensimm\u00e4inen &#8221;er\u00e4maataival&#8221; meni yll\u00e4tt\u00e4v\u00e4nkin helposti, vaikka sade ja tuuli omat haasteensa asettivatkin. Eilen illansuussa kun sain teltan pystyyn, kuivat vaatteet p\u00e4\u00e4lle ja sapuskan naamariin, kuuntelin (ja katselin) kuinka tuulenpuuskat yrittiv\u00e4t vied\u00e4 Fj\u00e4llr\u00e4venin-teltan mukanaan. Yritykseksi j\u00e4i, ja tuntui jollainlailla silt\u00e4 ett\u00e4 t\u00e4m\u00e4 on nyt mun turvapaikka, eik\u00e4 t\u00e4nne myrskyill\u00e4 oo mit\u00e4\u00e4n asiaa. Nukuin paremmin kuin aikoihin \ud83d\ude0a. Seuraavaksi vuorossa on taas pidempi etappi, jossa on sek\u00e4 merkkity\u00e4 reitti\u00e4 ett\u00e4 er\u00e4maataivalta. Palataan siis asiaan 6-10 p\u00e4iv\u00e4n p\u00e4\u00e4st\u00e4 \ud83d\udc4d<\/p>\n<p><strong>P\u00e4iv\u00e4 8<\/strong><\/p>\n<p><a href=\"http:\/\/inr.ch\/EQ5VONR\">http:\/\/inr.ch\/EQ5VONR<\/a><\/p>\n<p><strong>P\u00e4iv\u00e4 9<\/strong><\/p>\n<p><a href=\"http:\/\/inr.ch\/4KQGW7J\">http:\/\/inr.ch\/4KQGW7J<\/a><\/p>\n<p><strong>P\u00e4iv\u00e4 10<\/strong><\/p>\n<p><a href=\"http:\/\/inr.ch\/OQYDKZB\">http:\/\/inr.ch\/OQYDKZB<\/a><\/p>\n<p><strong>P\u00e4iv\u00e4 11<\/strong><\/p>\n<p><a href=\"http:\/\/inr.ch\/BCHXN4B\">http:\/\/inr.ch\/BCHXN4B<\/a><\/p>\n<p><strong>P\u00e4iv\u00e4 12<\/strong><\/p>\n<p><a href=\"http:\/\/inr.ch\/PU5LTYJ\">http:\/\/inr.ch\/PU5LTYJ<\/a><\/p>\n<p><strong>P\u00e4iv\u00e4 13<\/strong><\/p>\n<p><a href=\"http:\/\/inr.ch\/BICYMLR\">http:\/\/inr.ch\/BICYMLR<\/a><\/p>\n<p><strong>P\u00e4iv\u00e4 14<\/strong><\/p>\n<p><a href=\"http:\/\/inr.ch\/L4TVZGZ\">http:\/\/inr.ch\/L4TVZGZ<\/a><\/p>\n<p><a href=\"http:\/\/inr.ch\/UIGH3GR\">http:\/\/inr.ch\/UIGH3GR<\/a><\/p>\n<p><strong>P\u00e4iv\u00e4 15<\/strong><\/p>\n<p><a href=\"http:\/\/inr.ch\/B57VRUB\">http:\/\/inr.ch\/B57VRUB<\/a><\/p>\n<p><strong>P\u00e4iv\u00e4 16<\/strong><\/p>\n<p><a href=\"http:\/\/inr.ch\/D6VGWKB\">http:\/\/inr.ch\/D6VGWKB<\/a><\/p>\n<p><strong>P\u00e4iv\u00e4 17<\/strong><\/p>\n<p><a href=\"http:\/\/inr.ch\/57R2OVJ\">http:\/\/inr.ch\/57R2OVJ<\/a><\/p>\n<p>Taas n\u00e4in verkkovirtojen vuoksi p\u00e4ivityst\u00e4 my\u00f6s &#8221;maastosta&#8221;. Edellisell\u00e4 etapilla j\u00e4i erityisesti mieleen Paistuntureiden er\u00e4maan karu kauneus. Sinne j\u00e4i palanen syd\u00e4nt\u00e4. Ja p\u00e4\u00e4t\u00f6s siit\u00e4 ett\u00e4 sinne palaan viel\u00e4 uudelleenkin. Kevon reitill\u00e4 s\u00e4\u00e4 muuttui ep\u00e4vakaasta t\u00e4ysin vakaaksi sateeksi, mik\u00e4 tietenkin antoi vahvan s\u00e4vyn tuolle p\u00e4tk\u00e4lle. Mutta siit\u00e4kin huolimatta se oli omalla hivenen kierolla tavalla nautinnollista \ud83d\ude04. Huomenna olisi sitten l\u00e4ht\u00f6 &#8221;maalisuoralle&#8221; eli viimeiselle noin 100km taipaleelle Kaldoaivin er\u00e4maan kautta takaisin Sevettij\u00e4rvelle. Nyt on samanaikaisesti oudosti p\u00e4\u00e4ll\u00e4 into l\u00e4hte\u00e4 uudelle seikkailulle, hirvitys siit\u00e4 kuinka kauan voi viel\u00e4 olla m\u00e4rk\u00e4\u00e4 ja hiukan jo maaliinp\u00e4\u00e4semisen odotteluakin. Saa n\u00e4hd\u00e4 mik\u00e4 noista vie voiton.<\/p>\n<p><strong>P\u00e4iv\u00e4 18<\/strong><\/p>\n<p><a href=\"http:\/\/inr.ch\/LGVU5EJ\">http:\/\/inr.ch\/LGVU5EJ<\/a><\/p>\n<p><strong>P\u00e4iv\u00e4 19<\/strong><\/p>\n<p><a href=\"http:\/\/inr.ch\/HONFZ6B\">http:\/\/inr.ch\/HONFZ6B<\/a><\/p>\n<p><strong>P\u00e4iv\u00e4 20<\/strong><\/p>\n<p><a href=\"http:\/\/inr.ch\/LCOD55R\">http:\/\/inr.ch\/LCOD55R<\/a><\/p>\n<p><strong>P\u00e4iv\u00e4 21<\/strong><\/p>\n<p><a href=\"http:\/\/inr.ch\/NUCTYQR\">http:\/\/inr.ch\/NUCTYQR<\/a><\/p>\n<p><strong>P\u00e4iv\u00e4 22<\/strong><\/p>\n<p><a href=\"http:\/\/inr.ch\/ED72COZ\">http:\/\/inr.ch\/ED72COZ<\/a><\/p>\n<p><strong>P\u00e4iv\u00e4 23<\/strong><\/p>\n<p><a href=\"http:\/\/inr.ch\/UTAMJKB\">http:\/\/inr.ch\/UTAMJKB<\/a><\/p>\n<p><strong>P\u00e4iv\u00e4 24<\/strong><\/p>\n<p><a href=\"http:\/\/inr.ch\/CRS3KCR\">http:\/\/inr.ch\/CRS3KCR<\/a><\/p>\n<p>Ei riit\u00e4 160 merkki\u00e4 kuvaamaan t\u00e4t\u00e4 retke\u00e4, ei riit\u00e4 160000 merkki\u00e4k\u00e4\u00e4n. Sanat eiv\u00e4t riit\u00e4, joten t\u00e4h\u00e4n kohtaan tyydyt\u00e4\u00e4n lukuihin:<\/p>\n<p>345,6 kilometri\u00e4, 24 p\u00e4iv\u00e4\u00e4, (-6,6kg).<\/p>\n<p>Katsotaan niit\u00e4 sanoja sitten, kun olen taas kotosalla \ud83d\ude0a<\/p>\n","protected":false},"excerpt":{"rendered":"<p>\u201dKai s\u00e4 sit laitat v\u00e4lill\u00e4 jotain Facebook-p\u00e4ivityksi\u00e4?\u201d Tuon kysymyksen kuulin aika monesti viime p\u00e4ivin\u00e4. Ja vastaus oli aina sama: \u201d\u00d6\u00f6\u00f6\u2026En laita\u201d. Lapin er\u00e4maissa nyt ei aina ole ihan 4G-yhteytt\u00e4 saatavanakaan, enk\u00e4 haluaisi aggregaattia kantaa mukana, ett\u00e4 iPhonelle riitt\u00e4isi virtasia. Vaan tulinpa sitten ajatelleeksi, ett\u00e4 onhan mulla tuo Garminin satelliittiviestin mukana, eik\u00e4 se kauheasti akkua sy\u00f6 [&hellip;]<\/p>\n","protected":false},"author":1,"featured_media":0,"comment_status":"open","ping_status":"open","sticky":false,"template":"","format":"standard","meta":{"ocean_post_layout":"","ocean_both_sidebars_style":"","ocean_both_sidebars_content_width":0,"ocean_both_sidebars_sidebars_width":0,"ocean_sidebar":"","ocean_second_sidebar":"","ocean_disable_margins":"enable","ocean_add_body_class":"","ocean_shortcode_before_top_bar":"","ocean_shortcode_after_top_bar":"","ocean_shortcode_before_header":"","ocean_shortcode_after_header":"","ocean_has_shortcode":"","ocean_shortcode_after_title":"","ocean_shortcode_before_footer_widgets":"","ocean_shortcode_after_footer_widgets":"","ocean_shortcode_before_footer_bottom":"","ocean_shortcode_after_footer_bottom":"","ocean_display_top_bar":"default","ocean_display_header":"default","ocean_header_style":"","ocean_center_header_left_menu":"","ocean_custom_header_template":"","ocean_custom_logo":0,"ocean_custom_retina_logo":0,"ocean_custom_logo_max_width":0,"ocean_custom_logo_tablet_max_width":0,"ocean_custom_logo_mobile_max_width":0,"ocean_custom_logo_max_height":0,"ocean_custom_logo_tablet_max_height":0,"ocean_custom_logo_mobile_max_height":0,"ocean_header_custom_menu":"","ocean_menu_typo_font_family":"","ocean_menu_typo_font_subset":"","ocean_menu_typo_font_size":0,"ocean_menu_typo_font_size_tablet":0,"ocean_menu_typo_font_size_mobile":0,"ocean_menu_typo_font_size_unit":"px","ocean_menu_typo_font_weight":"","ocean_menu_typo_font_weight_tablet":"","ocean_menu_typo_font_weight_mobile":"","ocean_menu_typo_transform":"","ocean_menu_typo_transform_tablet":"","ocean_menu_typo_transform_mobile":"","ocean_menu_typo_line_height":0,"ocean_menu_typo_line_height_tablet":0,"ocean_menu_typo_line_height_mobile":0,"ocean_menu_typo_line_height_unit":"","ocean_menu_typo_spacing":0,"ocean_menu_typo_spacing_tablet":0,"ocean_menu_typo_spacing_mobile":0,"ocean_menu_typo_spacing_unit":"","ocean_menu_link_color":"","ocean_menu_link_color_hover":"","ocean_menu_link_color_active":"","ocean_menu_link_background":"","ocean_menu_link_hover_background":"","ocean_menu_link_active_background":"","ocean_menu_social_links_bg":"","ocean_menu_social_hover_links_bg":"","ocean_menu_social_links_color":"","ocean_menu_social_hover_links_color":"","ocean_disable_title":"default","ocean_disable_heading":"default","ocean_post_title":"","ocean_post_subheading":"","ocean_post_title_style":"","ocean_post_title_background_color":"","ocean_post_title_background":0,"ocean_post_title_bg_image_position":"","ocean_post_title_bg_image_attachment":"","ocean_post_title_bg_image_repeat":"","ocean_post_title_bg_image_size":"","ocean_post_title_height":0,"ocean_post_title_bg_overlay":0.5,"ocean_post_title_bg_overlay_color":"","ocean_disable_breadcrumbs":"default","ocean_breadcrumbs_color":"","ocean_breadcrumbs_separator_color":"","ocean_breadcrumbs_links_color":"","ocean_breadcrumbs_links_hover_color":"","ocean_display_footer_widgets":"default","ocean_display_footer_bottom":"default","ocean_custom_footer_template":"","jetpack_post_was_ever_published":false,"_jetpack_newsletter_access":"","_jetpack_dont_email_post_to_subs":false,"_jetpack_newsletter_tier_id":0,"_jetpack_memberships_contains_paywalled_content":false,"_jetpack_memberships_contains_paid_content":false,"ocean_post_oembed":"","ocean_post_self_hosted_media":"","ocean_post_video_embed":"","ocean_link_format":"","ocean_link_format_target":"self","ocean_quote_format":"","ocean_quote_format_link":"post","ocean_gallery_link_images":"on","ocean_gallery_id":[],"footnotes":""},"categories":[3,1],"tags":[50,65,89,105,106,129,154,158,170,204],"class_list":["post-88","post","type-post","status-publish","format-standard","hentry","category-kuukausi-paalaella","category-yleinen","tag-inreach","tag-kartta","tag-kuukausi-paalaella","tag-matkakertomus","tag-matkan-alku","tag-nykytekniikka","tag-reissukertomukset","tag-retkikertomuksia","tag-sateltviitti","tag-vaellus","entry"],"yoast_head":"<!-- This site is optimized with the Yoast SEO plugin v27.5 - https:\/\/yoast.com\/product\/yoast-seo-wordpress\/ -->\n<title>P\u00e4iv\u00e4n sateltviitit -<\/title>\n<meta name=\"robots\" content=\"index, follow, max-snippet:-1, max-image-preview:large, max-video-preview:-1\" \/>\n<link rel=\"canonical\" href=\"https:\/\/maanjataivaanvali.com\/?p=88\" \/>\n<meta property=\"og:locale\" content=\"fi_FI\" \/>\n<meta property=\"og:type\" content=\"article\" \/>\n<meta property=\"og:title\" content=\"P\u00e4iv\u00e4n sateltviitit -\" \/>\n<meta property=\"og:description\" content=\"\u201dKai s\u00e4 sit laitat v\u00e4lill\u00e4 jotain Facebook-p\u00e4ivityksi\u00e4?\u201d Tuon kysymyksen kuulin aika monesti viime p\u00e4ivin\u00e4. Ja vastaus oli aina sama: \u201d\u00d6\u00f6\u00f6\u2026En laita\u201d. Lapin er\u00e4maissa nyt ei aina ole ihan 4G-yhteytt\u00e4 saatavanakaan, enk\u00e4 haluaisi aggregaattia kantaa mukana, ett\u00e4 iPhonelle riitt\u00e4isi virtasia. Vaan tulinpa sitten ajatelleeksi, ett\u00e4 onhan mulla tuo Garminin satelliittiviestin mukana, eik\u00e4 se kauheasti akkua sy\u00f6 [&hellip;]\" \/>\n<meta property=\"og:url\" content=\"https:\/\/maanjataivaanvali.com\/?p=88\" \/>\n<meta property=\"article:published_time\" content=\"2018-07-27T13:06:59+00:00\" \/>\n<meta property=\"article:modified_time\" content=\"2022-07-25T06:33:54+00:00\" \/>\n<meta name=\"author\" content=\"Vesa\" \/>\n<meta name=\"twitter:card\" content=\"summary_large_image\" \/>\n<meta name=\"twitter:label1\" content=\"Kirjoittanut\" \/>\n\t<meta name=\"twitter:data1\" content=\"Vesa\" \/>\n\t<meta name=\"twitter:label2\" content=\"Arvioitu lukuaika\" \/>\n\t<meta name=\"twitter:data2\" content=\"4 minuuttia\" \/>\n<script type=\"application\/ld+json\" class=\"yoast-schema-graph\">{\"@context\":\"https:\\\/\\\/schema.org\",\"@graph\":[{\"@type\":\"Article\",\"@id\":\"https:\\\/\\\/maanjataivaanvali.com\\\/?p=88#article\",\"isPartOf\":{\"@id\":\"https:\\\/\\\/maanjataivaanvali.com\\\/?p=88\"},\"author\":{\"name\":\"Vesa\",\"@id\":\"https:\\\/\\\/maanjataivaanvali.com\\\/#\\\/schema\\\/person\\\/a985ef42807101452f9cfc1533530c37\"},\"headline\":\"P\u00e4iv\u00e4n sateltviitit\",\"datePublished\":\"2018-07-27T13:06:59+00:00\",\"dateModified\":\"2022-07-25T06:33:54+00:00\",\"mainEntityOfPage\":{\"@id\":\"https:\\\/\\\/maanjataivaanvali.com\\\/?p=88\"},\"wordCount\":851,\"commentCount\":0,\"keywords\":[\"InReach\",\"Kartta\",\"Kuukausi p\u00e4\u00e4laella\",\"Matkakertomus\",\"Matkan alku\",\"Nykytekniikka\",\"Reissukertomukset\",\"Retkikertomuksia\",\"Sateltviitti\",\"Vaellus\"],\"articleSection\":[\"Kuukausi p\u00e4\u00e4laella\"],\"inLanguage\":\"fi\",\"potentialAction\":[{\"@type\":\"CommentAction\",\"name\":\"Comment\",\"target\":[\"https:\\\/\\\/maanjataivaanvali.com\\\/?p=88#respond\"]}]},{\"@type\":\"WebPage\",\"@id\":\"https:\\\/\\\/maanjataivaanvali.com\\\/?p=88\",\"url\":\"https:\\\/\\\/maanjataivaanvali.com\\\/?p=88\",\"name\":\"P\u00e4iv\u00e4n sateltviitit -\",\"isPartOf\":{\"@id\":\"https:\\\/\\\/maanjataivaanvali.com\\\/#website\"},\"datePublished\":\"2018-07-27T13:06:59+00:00\",\"dateModified\":\"2022-07-25T06:33:54+00:00\",\"author\":{\"@id\":\"https:\\\/\\\/maanjataivaanvali.com\\\/#\\\/schema\\\/person\\\/a985ef42807101452f9cfc1533530c37\"},\"breadcrumb\":{\"@id\":\"https:\\\/\\\/maanjataivaanvali.com\\\/?p=88#breadcrumb\"},\"inLanguage\":\"fi\",\"potentialAction\":[{\"@type\":\"ReadAction\",\"target\":[\"https:\\\/\\\/maanjataivaanvali.com\\\/?p=88\"]}]},{\"@type\":\"BreadcrumbList\",\"@id\":\"https:\\\/\\\/maanjataivaanvali.com\\\/?p=88#breadcrumb\",\"itemListElement\":[{\"@type\":\"ListItem\",\"position\":1,\"name\":\"Etusivu\",\"item\":\"https:\\\/\\\/maanjataivaanvali.com\\\/\"},{\"@type\":\"ListItem\",\"position\":2,\"name\":\"P\u00e4iv\u00e4n sateltviitit\"}]},{\"@type\":\"WebSite\",\"@id\":\"https:\\\/\\\/maanjataivaanvali.com\\\/#website\",\"url\":\"https:\\\/\\\/maanjataivaanvali.com\\\/\",\"name\":\"\",\"description\":\"\",\"potentialAction\":[{\"@type\":\"SearchAction\",\"target\":{\"@type\":\"EntryPoint\",\"urlTemplate\":\"https:\\\/\\\/maanjataivaanvali.com\\\/?s={search_term_string}\"},\"query-input\":{\"@type\":\"PropertyValueSpecification\",\"valueRequired\":true,\"valueName\":\"search_term_string\"}}],\"inLanguage\":\"fi\"},{\"@type\":\"Person\",\"@id\":\"https:\\\/\\\/maanjataivaanvali.com\\\/#\\\/schema\\\/person\\\/a985ef42807101452f9cfc1533530c37\",\"name\":\"Vesa\",\"image\":{\"@type\":\"ImageObject\",\"inLanguage\":\"fi\",\"@id\":\"https:\\\/\\\/secure.gravatar.com\\\/avatar\\\/76b96bca64b34384e8695058499783cceb215a662449543d25501913ac533377?s=96&d=mm&r=g\",\"url\":\"https:\\\/\\\/secure.gravatar.com\\\/avatar\\\/76b96bca64b34384e8695058499783cceb215a662449543d25501913ac533377?s=96&d=mm&r=g\",\"contentUrl\":\"https:\\\/\\\/secure.gravatar.com\\\/avatar\\\/76b96bca64b34384e8695058499783cceb215a662449543d25501913ac533377?s=96&d=mm&r=g\",\"caption\":\"Vesa\"},\"url\":\"https:\\\/\\\/maanjataivaanvali.com\\\/?author=1\"}]}<\/script>\n<!-- \/ Yoast SEO plugin. -->","yoast_head_json":{"title":"P\u00e4iv\u00e4n sateltviitit -","robots":{"index":"index","follow":"follow","max-snippet":"max-snippet:-1","max-image-preview":"max-image-preview:large","max-video-preview":"max-video-preview:-1"},"canonical":"https:\/\/maanjataivaanvali.com\/?p=88","og_locale":"fi_FI","og_type":"article","og_title":"P\u00e4iv\u00e4n sateltviitit -","og_description":"\u201dKai s\u00e4 sit laitat v\u00e4lill\u00e4 jotain Facebook-p\u00e4ivityksi\u00e4?\u201d Tuon kysymyksen kuulin aika monesti viime p\u00e4ivin\u00e4. Ja vastaus oli aina sama: \u201d\u00d6\u00f6\u00f6\u2026En laita\u201d. Lapin er\u00e4maissa nyt ei aina ole ihan 4G-yhteytt\u00e4 saatavanakaan, enk\u00e4 haluaisi aggregaattia kantaa mukana, ett\u00e4 iPhonelle riitt\u00e4isi virtasia. Vaan tulinpa sitten ajatelleeksi, ett\u00e4 onhan mulla tuo Garminin satelliittiviestin mukana, eik\u00e4 se kauheasti akkua sy\u00f6 [&hellip;]","og_url":"https:\/\/maanjataivaanvali.com\/?p=88","article_published_time":"2018-07-27T13:06:59+00:00","article_modified_time":"2022-07-25T06:33:54+00:00","author":"Vesa","twitter_card":"summary_large_image","twitter_misc":{"Kirjoittanut":"Vesa","Arvioitu lukuaika":"4 minuuttia"},"schema":{"@context":"https:\/\/schema.org","@graph":[{"@type":"Article","@id":"https:\/\/maanjataivaanvali.com\/?p=88#article","isPartOf":{"@id":"https:\/\/maanjataivaanvali.com\/?p=88"},"author":{"name":"Vesa","@id":"https:\/\/maanjataivaanvali.com\/#\/schema\/person\/a985ef42807101452f9cfc1533530c37"},"headline":"P\u00e4iv\u00e4n sateltviitit","datePublished":"2018-07-27T13:06:59+00:00","dateModified":"2022-07-25T06:33:54+00:00","mainEntityOfPage":{"@id":"https:\/\/maanjataivaanvali.com\/?p=88"},"wordCount":851,"commentCount":0,"keywords":["InReach","Kartta","Kuukausi p\u00e4\u00e4laella","Matkakertomus","Matkan alku","Nykytekniikka","Reissukertomukset","Retkikertomuksia","Sateltviitti","Vaellus"],"articleSection":["Kuukausi p\u00e4\u00e4laella"],"inLanguage":"fi","potentialAction":[{"@type":"CommentAction","name":"Comment","target":["https:\/\/maanjataivaanvali.com\/?p=88#respond"]}]},{"@type":"WebPage","@id":"https:\/\/maanjataivaanvali.com\/?p=88","url":"https:\/\/maanjataivaanvali.com\/?p=88","name":"P\u00e4iv\u00e4n sateltviitit -","isPartOf":{"@id":"https:\/\/maanjataivaanvali.com\/#website"},"datePublished":"2018-07-27T13:06:59+00:00","dateModified":"2022-07-25T06:33:54+00:00","author":{"@id":"https:\/\/maanjataivaanvali.com\/#\/schema\/person\/a985ef42807101452f9cfc1533530c37"},"breadcrumb":{"@id":"https:\/\/maanjataivaanvali.com\/?p=88#breadcrumb"},"inLanguage":"fi","potentialAction":[{"@type":"ReadAction","target":["https:\/\/maanjataivaanvali.com\/?p=88"]}]},{"@type":"BreadcrumbList","@id":"https:\/\/maanjataivaanvali.com\/?p=88#breadcrumb","itemListElement":[{"@type":"ListItem","position":1,"name":"Etusivu","item":"https:\/\/maanjataivaanvali.com\/"},{"@type":"ListItem","position":2,"name":"P\u00e4iv\u00e4n sateltviitit"}]},{"@type":"WebSite","@id":"https:\/\/maanjataivaanvali.com\/#website","url":"https:\/\/maanjataivaanvali.com\/","name":"","description":"","potentialAction":[{"@type":"SearchAction","target":{"@type":"EntryPoint","urlTemplate":"https:\/\/maanjataivaanvali.com\/?s={search_term_string}"},"query-input":{"@type":"PropertyValueSpecification","valueRequired":true,"valueName":"search_term_string"}}],"inLanguage":"fi"},{"@type":"Person","@id":"https:\/\/maanjataivaanvali.com\/#\/schema\/person\/a985ef42807101452f9cfc1533530c37","name":"Vesa","image":{"@type":"ImageObject","inLanguage":"fi","@id":"https:\/\/secure.gravatar.com\/avatar\/76b96bca64b34384e8695058499783cceb215a662449543d25501913ac533377?s=96&d=mm&r=g","url":"https:\/\/secure.gravatar.com\/avatar\/76b96bca64b34384e8695058499783cceb215a662449543d25501913ac533377?s=96&d=mm&r=g","contentUrl":"https:\/\/secure.gravatar.com\/avatar\/76b96bca64b34384e8695058499783cceb215a662449543d25501913ac533377?s=96&d=mm&r=g","caption":"Vesa"},"url":"https:\/\/maanjataivaanvali.com\/?author=1"}]}},"jetpack_featured_media_url":"","jetpack_sharing_enabled":true,"jetpack_likes_enabled":true,"_links":{"self":[{"href":"https:\/\/maanjataivaanvali.com\/index.php?rest_route=\/wp\/v2\/posts\/88","targetHints":{"allow":["GET"]}}],"collection":[{"href":"https:\/\/maanjataivaanvali.com\/index.php?rest_route=\/wp\/v2\/posts"}],"about":[{"href":"https:\/\/maanjataivaanvali.com\/index.php?rest_route=\/wp\/v2\/types\/post"}],"author":[{"embeddable":true,"href":"https:\/\/maanjataivaanvali.com\/index.php?rest_route=\/wp\/v2\/users\/1"}],"replies":[{"embeddable":true,"href":"https:\/\/maanjataivaanvali.com\/index.php?rest_route=%2Fwp%2Fv2%2Fcomments&post=88"}],"version-history":[{"count":1,"href":"https:\/\/maanjataivaanvali.com\/index.php?rest_route=\/wp\/v2\/posts\/88\/revisions"}],"predecessor-version":[{"id":2222,"href":"https:\/\/maanjataivaanvali.com\/index.php?rest_route=\/wp\/v2\/posts\/88\/revisions\/2222"}],"wp:attachment":[{"href":"https:\/\/maanjataivaanvali.com\/index.php?rest_route=%2Fwp%2Fv2%2Fmedia&parent=88"}],"wp:term":[{"taxonomy":"category","embeddable":true,"href":"https:\/\/maanjataivaanvali.com\/index.php?rest_route=%2Fwp%2Fv2%2Fcategories&post=88"},{"taxonomy":"post_tag","embeddable":true,"href":"https:\/\/maanjataivaanvali.com\/index.php?rest_route=%2Fwp%2Fv2%2Ftags&post=88"}],"curies":[{"name":"wp","href":"https:\/\/api.w.org\/{rel}","templated":true}]}}