{"id":1865,"date":"2021-06-28T18:12:13","date_gmt":"2021-06-28T15:12:13","guid":{"rendered":"https:\/\/maanjataivaanvali.com\/?p=1865"},"modified":"2022-08-10T10:34:24","modified_gmt":"2022-08-10T07:34:24","slug":"22-29-6-loppusuoralla-posio-syote","status":"publish","type":"post","link":"https:\/\/maanjataivaanvali.com\/?p=1865","title":{"rendered":"22-29.6 Loppusuoralla, Posio-Sy\u00f6te"},"content":{"rendered":"\n<p><strong>P\u00e4iv\u00e4 357: Ukkosta ilmassa<\/strong><\/p>\n\n\n\n<p>T\u00e4st\u00e4 se sitten alkaa. Vuoden vaelluksen viimeisen lastun vuoleminen. Reilu viikko ja runsaat 100 kilometri\u00e4 j\u00e4ljell\u00e4. Ajatukset py\u00f6riv\u00e4t melkoista karuselli\u00e4. Sana \u201dep\u00e4todellinen\u201d kuvaa tunnetta aika hyvin. Eilen puhelimessa naureskelin Heidille, ett\u00e4 toivottavasti t\u00e4ll\u00e4 etapilla ei ole kovin hienoja maisemia, sill\u00e4 ne saattavat v\u00e4h\u00e4n menn\u00e4 ohi. Jotenkin on jo aika vahvasti sellainen \u201dk\u00e4vell\u00e4\u00e4n nyt n\u00e4m\u00e4 viimeiset kilometrit pois kuljeksimasta\u201d -olo.<\/p>\n\n\n\n<p>Aamulla viel\u00e4 Ylen toimittaja k\u00e4vi jututtamassa ja ottamassa kuvia. Vaikken kovin kotoisaksi oloani moisissa tilanteissa tunne, niin sek\u00e4 t\u00e4m\u00e4 ett\u00e4 eilinen Lapin Kansan haastattelu olivat aika leppoisia tapahtumia.<\/p>\n\n\n\n<figure class=\"wp-block-image size-large\"><img data-recalc-dims=\"1\" height=\"683\" width=\"1024\" decoding=\"async\" src=\"https:\/\/i0.wp.com\/maanjataivaanvali.com\/wp-content\/uploads\/2021\/06\/dsc03373-1024x683.jpg?resize=1024%2C683&#038;ssl=1\" alt=\"\" class=\"wp-image-1867\"\/><figcaption>Jossain vaiheessa varmasti sataa.<\/figcaption><\/figure>\n\n\n\n<p>Alkumatka oli t\u00e4n\u00e4\u00e4n tiet\u00e4 pitkin Posiolle. Maantien varressa k\u00e4vely on aika erityyppist\u00e4 kuin er\u00e4maisen polun seuraaminen, mutta sek\u00e4\u00e4n ei t\u00e4n\u00e4\u00e4n tuntunut tyls\u00e4lt\u00e4. Ilma oli hiostava ja painostava. Ukkosta ilmassa, mutta sen ennustettiin tulevan p\u00e4\u00e4lle vasta my\u00f6hemmin iltap\u00e4iv\u00e4ll\u00e4. Kai viiden aikoihin. K\u00e4vin viel\u00e4 Posiolla K-marketissa t\u00e4ydent\u00e4m\u00e4ss\u00e4 Huuhkaja-pelin aikana yll\u00e4tt\u00e4v\u00e4sti huvennutta herkkuvarastoa ja jatkoin sitten matkaa.<\/p>\n\n\n\n<figure class=\"wp-block-image size-large\"><img data-recalc-dims=\"1\" height=\"683\" width=\"1024\" decoding=\"async\" src=\"https:\/\/i0.wp.com\/maanjataivaanvali.com\/wp-content\/uploads\/2021\/06\/dsc03371-1024x683.jpg?resize=1024%2C683&#038;ssl=1\" alt=\"\" class=\"wp-image-1868\"\/><figcaption>Alkumatka pikitien vartta.<\/figcaption><\/figure>\n\n\n\n<p>Lounaan j\u00e4lkeen taivaalle alkoi jo ker\u00e4\u00e4nty\u00e4 pilvi\u00e4, joten p\u00e4\u00e4tin leiriyty\u00e4 Ahvensalmen kohdalle. Siin\u00e4 olisi sopivasti vett\u00e4 saatavilla ja ehtisin saada leirin pystyyn ennen ukkosen tuloa.<\/p>\n\n\n\n<p>Teltassa katselin Ilmatieteenlaitoksen ennusteen muuttuneen niin, ett\u00e4 pahin sade tulisikin vasta kuuden aikoihin, ennusteen mukaan yli 13mm tunnissa. Varmistelin siis viel\u00e4, ett\u00e4 teltassa on piuhat kire\u00e4ll\u00e4 ja kiilat kunnolla maassa, ettei tarvitsisi niit\u00e4 l\u00e4hte\u00e4 pahimpaan myr\u00e4kk\u00e4\u00e4n korjailemaan. Melko tarkkaan pekkapoudat t\u00e4n\u00e4\u00e4n osuivat maaliin, sill\u00e4 sade alkoi hiukan ennen kuutta. Ja sitten kuuden aikaan taivas todellakin repesi. Kuuro ei kest\u00e4nyt kuin muutaman minuutin, mutta vett\u00e4 tuli sin\u00e4 aikana niin paljon, ett\u00e4 Esterikin jo olisi kateellinen. Absidiin syntyi pieni lammikko ja rinkka sai v\u00e4h\u00e4n kosteutta, mutta muuten myr\u00e4k\u00e4st\u00e4 selvittiin kuivin jaloin.<\/p>\n\n\n\n<figure class=\"wp-block-video\"><video height=\"1080\" style=\"aspect-ratio: 1920 \/ 1080;\" width=\"1920\" controls src=\"https:\/\/maanjataivaanvali.com\/wp-content\/uploads\/2022\/08\/IMG_7950.mov\"><\/video><figcaption>Melkoinen sadekuuro.<\/figcaption><\/figure>\n\n\n\n<p>Koko loppuillan sitten satelikin. V\u00e4lill\u00e4 enemm\u00e4n ja v\u00e4lill\u00e4 v\u00e4hemm\u00e4n. Ja salamat vilkkuivat kuin paparazzien vuosikokouksessa. Mutta teltassa oli l\u00e4mmin ja kuiva olla. Sellainen kodikas hetki, joka sai taas ajatuksen singahtamaan Tampereen suuntaan. Teltan eteist\u00e4 suuremmat l\u00e4ik\u00e4htelyt olivatkin syd\u00e4mess\u00e4.<\/p>\n\n\n\n<p><strong>P\u00e4iv\u00e4 358: Pienenevien teiden p\u00e4iv\u00e4<\/strong><\/p>\n\n\n\n<p>T\u00e4n\u00e4\u00e4n on tasan viikko j\u00e4ljell\u00e4 vaellusta. Loppusuoran h\u00e4\u00e4m\u00f6tys alkaa olla jo todella konkreettinen, mutta k\u00e4vell\u00e4\u00e4n nyt viel\u00e4 hetki.<\/p>\n\n\n\n<figure class=\"wp-block-image size-large\"><img data-recalc-dims=\"1\" height=\"683\" width=\"1024\" decoding=\"async\" src=\"https:\/\/i0.wp.com\/maanjataivaanvali.com\/wp-content\/uploads\/2021\/06\/dsc03374-1024x683.jpg?resize=1024%2C683&#038;ssl=1\" alt=\"\" class=\"wp-image-1875\"\/><figcaption>Viel\u00e4 hetki isoa tiet\u00e4.<\/figcaption><\/figure>\n\n\n\n<p>T\u00e4m\u00e4n p\u00e4iv\u00e4n k\u00e4vely alkoi ison maantien vartta pitkin. Sitten oli vuorossa hiukan pienempi asfalttitie, jota seurasi pieni kyl\u00e4tie. Ja loppup\u00e4tk\u00e4 olikin sitten pient\u00e4 hiekkatiet\u00e4 pitkin. Huomenna v\u00e4yl\u00e4 kutistuu entisest\u00e4\u00e4n, poluksi. Saapa n\u00e4hd\u00e4, miten ajatukset silloin ovat mukana, vai vaeltelevatko ne omia polkujaan kuten n\u00e4in\u00e4 parina ensimm\u00e4isen\u00e4 p\u00e4iv\u00e4n\u00e4. En kyll\u00e4k\u00e4\u00e4n pid\u00e4 yht\u00e4\u00e4n huonona asiana sit\u00e4, ett\u00e4 ajatukset ovat jo vahvasti tulevassa. On t\u00e4t\u00e4 vaellusta jatkunutkin jo melko pitk\u00e4\u00e4n. On oikeastaan ihana ajatus, ett\u00e4 voi v\u00e4lill\u00e4 tehd\u00e4 my\u00f6s jotain muuta.<\/p>\n\n\n\n<figure class=\"wp-block-image size-large\"><img data-recalc-dims=\"1\" height=\"683\" width=\"1024\" decoding=\"async\" src=\"https:\/\/i0.wp.com\/maanjataivaanvali.com\/wp-content\/uploads\/2021\/06\/dsc03375-1024x683.jpg?resize=1024%2C683&#038;ssl=1\" alt=\"\" class=\"wp-image-1874\"\/><figcaption>Leiripaikka Ampiaisj\u00e4rven rannalla.<\/figcaption><\/figure>\n\n\n\n<p>Koko p\u00e4iv\u00e4n n\u00e4ytti silt\u00e4, ett\u00e4 ihan min\u00e4 hetken\u00e4 hyv\u00e4ns\u00e4 alkaa sataa. Vaan eip\u00e4s alkanut. Sade alkoi taas kerran sopivasti hetki sen j\u00e4lkeen, kun olin p\u00e4\u00e4ssyt teltan suojiin. Pystytin leirin Ampiaislammen rannalle. Onneksi se ei ihan ollut nimens\u00e4 veroinen, eik\u00e4 yht\u00e4\u00e4n ampiaista n\u00e4kynyt miss\u00e4\u00e4n. M\u00e4k\u00e4r\u00e4isi\u00e4 sen sijaan oli nyt reippaasti. Olisikohan lammen nime\u00e4j\u00e4ll\u00e4 ollut pieni\u00e4 aukkoja lajitunnistuksessa?<\/p>\n\n\n\n<p><strong>P\u00e4iv\u00e4 359: Livojoella<\/strong><\/p>\n\n\n\n<p>Aamulla sateli vett\u00e4, mutta l\u00e4hdin pienest\u00e4 tihkusta huolimatta k\u00e4velem\u00e4\u00e4n. Ja hetken p\u00e4\u00e4st\u00e4 sade sitten lakkasikin. Olipa mukava taas kulkea ihan polkua pitkin edellisten p\u00e4ivien tieosuuksien j\u00e4lkeen. Kiemurteleva polku kulki ter\u00e4v\u00e4piirteisen harjun p\u00e4\u00e4ll\u00e4 Ahvenj\u00e4rven ja Ahvenlammen v\u00e4list\u00e4 ja l\u00e4hti sitten suuntaamaan kohti Niskakoskea.<\/p>\n\n\n\n<figure class=\"wp-block-image size-large\"><img data-recalc-dims=\"1\" height=\"683\" width=\"1024\" decoding=\"async\" src=\"https:\/\/i0.wp.com\/maanjataivaanvali.com\/wp-content\/uploads\/2021\/06\/dsc03383-1024x683.jpg?resize=1024%2C683&#038;ssl=1\" alt=\"\" class=\"wp-image-1877\"\/><\/figure>\n\n\n\n<p>Hyvin huomaa, ettei vaelluksessa ole en\u00e4\u00e4 samanlaista fillistely\u00e4 ja nautiskelua kuin aiemmin. Nytkin k\u00e4velin suoraan Niskakoskelle asti, n 6km, pit\u00e4m\u00e4tt\u00e4 ainuttakaan taukoa. Jotenkin vain jalka kulki.<\/p>\n\n\n\n<figure class=\"wp-block-image size-large\"><img data-recalc-dims=\"1\" height=\"683\" width=\"1024\" decoding=\"async\" src=\"https:\/\/i0.wp.com\/maanjataivaanvali.com\/wp-content\/uploads\/2021\/06\/dsc03384-1024x683.jpg?resize=1024%2C683&#038;ssl=1\" alt=\"\" class=\"wp-image-1878\"\/><figcaption>Niskakosken patosilta.<\/figcaption><\/figure>\n\n\n\n<p>\u201dTervetuloa tulille\u201d toivotti puinen Mets\u00e4hallituksen kyltti heti Niskakosken vanhan patosillan ylitetty\u00e4ni ja saavuttuani laavulle. Kohteliaasta kyltist\u00e4 huolimatta kyseisen laavun huolto on ilmeisesti lopetettu jo ajat sitten, sill\u00e4 polttopuista ei ollut tietoakaan. Laavun kattoonkin oli jo ilmestynyt maisemaikkuna. Harmi, ett\u00e4 niin monet n\u00e4ist\u00e4 er\u00e4maisemmista kohteista ovat jo j\u00e4\u00e4neet huoltoverkon ulkopuolelle.<\/p>\n\n\n\n<figure class=\"wp-block-image size-large\"><img data-recalc-dims=\"1\" height=\"683\" width=\"1024\" decoding=\"async\" src=\"https:\/\/i0.wp.com\/maanjataivaanvali.com\/wp-content\/uploads\/2021\/06\/dsc03386-1024x683.jpg?resize=1024%2C683&#038;ssl=1\" alt=\"\" class=\"wp-image-1880\"\/><figcaption>Kiva tervetulotoivotus, vaikka laavu itse olikin aika kauheassa kunnossa.<\/figcaption><\/figure>\n\n\n\n<p>Pitk\u00e4kosken kohdilla alkoi per\u00e4p\u00e4\u00e4ss\u00e4 olla sellainen tunne, ett\u00e4 l\u00e4hetys olisi saapumassa. Ajattelin kuitenkin jatkaa leiripaikkaan saakka. Vaan hanuripa olikin erimielt\u00e4 asiasta. H\u00e4t\u00e4tilanne eskaloitui sen verran nopeasti, ett\u00e4 lopulta tuli jo ihan kiire asiaa toimittamaan. Rinkassakin oli viel\u00e4 sadesuoja p\u00e4\u00e4ll\u00e4, joten paperin kaivamiseenkin meni tuskastuttavan kauan aikaa. No, kaikesta selvittiin ilman takaiskuja.<\/p>\n\n\n\n<p>Jatkoin Livojoen vartta Saarikoskelle asti ja pystytin sitten leirin. Paikka oli upeasti Livojoen syv\u00e4n ja jyrk\u00e4n penkereen reunalla. Taaksep\u00e4in katsoessa toki olikin sitten juuri hakattu mets\u00e4, mutta eip\u00e4 sit\u00e4 kannata muutenkaan paljoa taaksep\u00e4in vilkuilla. Jokipenkereell\u00e4 oli viel\u00e4 sopivasti l\u00e4hdekin, josta pulppuili j\u00e4\u00e4kylm\u00e4\u00e4 raikasta vett\u00e4. Sen parempaa juomaa ei olekaan.<\/p>\n\n\n\n<figure class=\"wp-block-image size-large\"><img data-recalc-dims=\"1\" height=\"683\" width=\"1024\" decoding=\"async\" src=\"https:\/\/i0.wp.com\/maanjataivaanvali.com\/wp-content\/uploads\/2021\/06\/dsc03388-1024x683.jpg?resize=1024%2C683&#038;ssl=1\" alt=\"\" class=\"wp-image-1879\"\/><figcaption>Leiriss\u00e4.<\/figcaption><\/figure>\n\n\n\n<p>N\u00e4k\u00f6j\u00e4\u00e4n ihminen tottuu asioihin nopeasti. Nyt on jo pidemm\u00e4n aikaa ollut puhelimessa iltaisin aina sen verran kentt\u00e4\u00e4, ett\u00e4 olen saanut soitettua kotiin. T\u00e4n\u00e4\u00e4n ei sitten ollutkaan. Tuli kyll\u00e4 hetkeksi ihan hirmuisen haikoisa olo, kun puhelu ei onnistunutkaan. No, ehk\u00e4p\u00e4 huomenna on paremmat verkot saatavilla.<\/p>\n\n\n\n<p><strong>P\u00e4iv\u00e4 360: Juhannusaatto<\/strong><\/p>\n\n\n\n<p>Aamup\u00e4iv\u00e4ll\u00e4 oli polku muttei reittimerkkej\u00e4, iltap\u00e4iv\u00e4ll\u00e4 sitten toisin p\u00e4in. Vaihtelu kai virkist\u00e4\u00e4. Eip\u00e4 juurikaan tuntunut juhannusaatolta, vaan eip\u00e4 ollut tarviskaan.<\/p>\n\n\n\n<figure class=\"wp-block-image size-large\"><img data-recalc-dims=\"1\" height=\"683\" width=\"1024\" decoding=\"async\" src=\"https:\/\/i0.wp.com\/maanjataivaanvali.com\/wp-content\/uploads\/2021\/06\/dsc03389-1024x683.jpg?resize=1024%2C683&#038;ssl=1\" alt=\"\" class=\"wp-image-1886\"\/><figcaption>Merkit\u00f6n polku.<\/figcaption><\/figure>\n\n\n\n<figure class=\"wp-block-image size-large\"><img data-recalc-dims=\"1\" height=\"683\" width=\"1024\" decoding=\"async\" src=\"https:\/\/i0.wp.com\/maanjataivaanvali.com\/wp-content\/uploads\/2021\/06\/dsc03390-1024x683.jpg?resize=1024%2C683&#038;ssl=1\" alt=\"\" class=\"wp-image-1889\"\/><figcaption>Ja poluton merkki.<\/figcaption><\/figure>\n\n\n\n<p>Lounastelin paikassa, jonka nimi oli Laivaloma. Se oli ihan tavallinen pieni vaara, mutta nimi oli kyll\u00e4 hauska. Yritin lounaan j\u00e4lkeen etsiskell\u00e4 tax-free -myym\u00e4l\u00e4\u00e4, mutta liek\u00f6 se ollut koronan takia suljettu. Olin siin\u00e4 juuri pakkailemassa tavaroita takaisin rinkkaan, kun mets\u00e4st\u00e4 kuului: \u201dP\u00e4iv\u00e4\u00e4\u201d. Enp\u00e4 ollutkaan toista vaeltajaa n\u00e4hnyt v\u00e4h\u00e4\u00e4n aikaan. K\u00e4vi viel\u00e4 ilmi, ett\u00e4 kyseinen vaeltaja oli Lahtosen Tommi, joka oli my\u00f6s pitk\u00e4ll\u00e4 vaelluksella. H\u00e4nen reittins\u00e4 kulki koko Suomen poikki. Siin\u00e4 sit\u00e4 oltiin, kaksi v\u00e4h\u00e4n hullua kulkijaa keskell\u00e4 mets\u00e4\u00e4. Juttua olisi riitt\u00e4nyt vaikka useammaksi p\u00e4iv\u00e4ksi, mutta lopulta jatkoimme kuitenkin matkojamme, min\u00e4 kohti etel\u00e4\u00e4 ja Tommi pohjoiseen.<\/p>\n\n\n\n<figure class=\"wp-block-image size-large\"><img data-recalc-dims=\"1\" height=\"1024\" width=\"768\" decoding=\"async\" src=\"https:\/\/i0.wp.com\/maanjataivaanvali.com\/wp-content\/uploads\/2021\/06\/img_7960-768x1024.jpg?resize=768%2C1024&#038;ssl=1\" alt=\"\" class=\"wp-image-1888\"\/><figcaption>Tommin urakka jatkuu viel\u00e4 hetken aikaa sen j\u00e4lkeen, kun omani loppuu.<\/figcaption><\/figure>\n\n\n\n<p>Jos m\u00e4k\u00e4r\u00e4iset saapuivat muutama p\u00e4iv\u00e4 sitten, niin t\u00e4n\u00e4\u00e4n oli paarmojen vuoro. Olihan niit\u00e4kin joitain yksitt\u00e4isi\u00e4 yksil\u00f6it\u00e4 n\u00e4kynyt jo aikaisemmin, mutta t\u00e4n\u00e4\u00e4n niit\u00e4 alkoi py\u00f6ri\u00e4 k\u00e4velless\u00e4 ymp\u00e4rill\u00e4 useampiakin. Noin, nyt onkin sitten kaikki pikkupirulaiset jo ilmassa. Eik\u00e4 kun polttiaiset viel\u00e4 tietenkin uupuvat.<\/p>\n\n\n\n<figure class=\"wp-block-image size-large\"><img data-recalc-dims=\"1\" height=\"683\" width=\"1024\" decoding=\"async\" src=\"https:\/\/i0.wp.com\/maanjataivaanvali.com\/wp-content\/uploads\/2021\/06\/dsc03403-1024x683.jpg?resize=1024%2C683&#038;ssl=1\" alt=\"\" class=\"wp-image-1884\"\/><figcaption>Lampi ilta-auringossa.<\/figcaption><\/figure>\n\n\n\n<p>Saavuin iltap\u00e4iv\u00e4ll\u00e4 Hoikkalammen autiotuvalle. Se on melko uusi, valmistunut vuonna 2006, ja oli kyll\u00e4 eritt\u00e4in siistiss\u00e4 ja hyv\u00e4ss\u00e4 kunnossa. Ja hienolla paikalla kaiken lis\u00e4ksi. Ja t\u00e4n\u00e4\u00e4n, mik\u00e4 t\u00e4rkeint\u00e4, se oli ihanan viile\u00e4. P\u00e4iv\u00e4ll\u00e4 aurinko paisteli ja l\u00e4mp\u00f6\u00e4 riitti reippaat 20 astetta, joten viile\u00e4 tupa oli aikamoinen keidas.<\/p>\n\n\n\n<figure class=\"wp-block-image size-large\"><img data-recalc-dims=\"1\" height=\"683\" width=\"1024\" decoding=\"async\" src=\"https:\/\/i0.wp.com\/maanjataivaanvali.com\/wp-content\/uploads\/2021\/06\/dsc03399-1024x683.jpg?resize=1024%2C683&#038;ssl=1\" alt=\"\" class=\"wp-image-1885\"\/><figcaption>Juhannuskoivun tilalla voisi olla t\u00e4m\u00e4 juhannuskataja.<\/figcaption><\/figure>\n\n\n\n<p>T\u00e4n\u00e4 juhannuksena ei tullut kokkoja tai koivuja. Juhlistin t\u00e4t\u00e4 juhlap\u00e4iv\u00e4\u00e4 hiukan eri tavalla kuin perinteisesti asiaan kuuluisi; pizza, kaakao ja kardemummapulla.<\/p>\n\n\n\n<p>Iloista Juhannusta kaikille, pysyt\u00e4\u00e4n pinnallisina!<\/p>\n\n\n\n<figure class=\"wp-block-image size-large\"><img data-recalc-dims=\"1\" height=\"683\" width=\"1024\" decoding=\"async\" src=\"https:\/\/i0.wp.com\/maanjataivaanvali.com\/wp-content\/uploads\/2021\/06\/dsc03394-1024x683.jpg?resize=1024%2C683&#038;ssl=1\" alt=\"\" class=\"wp-image-1882\"\/><\/figure>\n\n\n\n<p><strong>P\u00e4iv\u00e4 361: L\u00e4pik\u00e4vely\u00e4<\/strong><\/p>\n\n\n\n<p>T\u00e4n\u00e4\u00e4n oli taas s\u00e4\u00e4ske\u00e4, m\u00e4k\u00e4r\u00e4ist\u00e4 ja paarmaa sen verran runsaasti ilmatilassa, ett\u00e4 ne p\u00e4\u00e4siv\u00e4t jo v\u00e4h\u00e4n ihon alle. Muutenkin kuin konkreettisesti ihon alle imuk\u00e4rsill\u00e4\u00e4n. Mokomat pikkupirulaiset. No, hyttyshattua vain p\u00e4\u00e4h\u00e4n ja pitk\u00e4\u00e4 vaatetta p\u00e4\u00e4lle, niin loppuu juhlatarjoilut \u00f6t\u00f6k\u00f6ilt\u00e4.<\/p>\n\n\n\n<p>Polut ja \u201dpolut\u201d alkavat taas pikkuhiljaa kuivua. Aikaisempien muutaman rankkasadep\u00e4iv\u00e4n j\u00e4ljilt\u00e4 kaikki oli enemm\u00e4n tai v\u00e4hemm\u00e4n mutavelli\u00e4. Ajoittain polut olivatkin puroja. Nyt on taas huomattavasti kivempi kulkea, kun ei tarvitse niin katsella mihin astuu.<\/p>\n\n\n\n<figure class=\"wp-block-image size-large\"><img data-recalc-dims=\"1\" height=\"683\" width=\"1024\" decoding=\"async\" src=\"https:\/\/i0.wp.com\/maanjataivaanvali.com\/wp-content\/uploads\/2021\/06\/dsc03413-1024x683.jpg?resize=1024%2C683&#038;ssl=1\" alt=\"\" class=\"wp-image-1891\"\/><figcaption>Tupasvilla ja pitkospuut, siin\u00e4p\u00e4 lumoava kaksikko.<\/figcaption><\/figure>\n\n\n\n<p>Ei t\u00e4ss\u00e4 kyll\u00e4 oikeastaan vaelluksesta ole en\u00e4\u00e4 tietoakaan. Enemm\u00e4nkin l\u00e4pik\u00e4vely\u00e4. Eik\u00e4 siin\u00e4 mit\u00e4\u00e4n, ihan mukavaahan sekin on. Ja itse jopa tykk\u00e4\u00e4n siit\u00e4, ett\u00e4 ajatukset ovat jo siirtyneet eteenp\u00e4in. Tavallaan pehme\u00e4\u00e4 laskuja tulevaan. Jos vuoden vaellus, tai oikeastaan l\u00e4hes kahden ja puolen vuoden projekti, p\u00e4\u00e4ttyisi kopsahtaen sein\u00e4\u00e4n, niin voisi shokki olla melkoinen.<\/p>\n\n\n\n<figure class=\"wp-block-image size-large\"><img data-recalc-dims=\"1\" height=\"683\" width=\"1024\" decoding=\"async\" src=\"https:\/\/i0.wp.com\/maanjataivaanvali.com\/wp-content\/uploads\/2021\/06\/dsc03418-1024x683.jpg?resize=1024%2C683&#038;ssl=1\" alt=\"\" class=\"wp-image-1892\"\/><\/figure>\n\n\n\n<p>Siin\u00e4 ajatuksissani kulkiessani huomasin hirven seist\u00e4 t\u00f6r\u00f6tt\u00e4v\u00e4n l\u00e4heisen pusikon vieress\u00e4. Siin\u00e4 se tuijotteli minua, ja min\u00e4 tuijottelin takaisin. Yll\u00e4tt\u00e4v\u00e4n l\u00e4hell\u00e4 se p\u00e4\u00e4sti, ennen kuin sitten juoksi syvemm\u00e4lle mets\u00e4n suojiin. On se k\u00e4sitt\u00e4m\u00e4t\u00f6nt\u00e4, miten \u00e4\u00e4nett\u00f6m\u00e4sti tuollainen monisatakiloinen otus voi juosta mets\u00e4ss\u00e4.<\/p>\n\n\n\n<p>Olin perill\u00e4 Lomavaaran autiotuvalla jo yhden aikoihin. Siin\u00e4 sitten pienten p\u00e4iv\u00e4unien j\u00e4lkeen l\u00e4hinn\u00e4 vain olin. Ja tuumailin kaiken maailman asioita. Ja iltapalaksi paistoin viel\u00e4 pannaria, joka kyll\u00e4kin hiukan turhan voimakkaalla otteella tarrasi kiinni Trangian paistinpannun pohjaan kiinni. No sit\u00e4 raaputellessa saikin taas hiukan lis\u00e4\u00e4 aikaa kulumaan.<\/p>\n\n\n\n<figure class=\"wp-block-image size-large\"><img data-recalc-dims=\"1\" height=\"683\" width=\"1024\" decoding=\"async\" src=\"https:\/\/i0.wp.com\/maanjataivaanvali.com\/wp-content\/uploads\/2021\/06\/dsc03417-1024x683.jpg?resize=1024%2C683&#038;ssl=1\" alt=\"\" class=\"wp-image-1893\"\/><figcaption>Lomavaaran tupa on aikaisemmin ollut savottamiesten sauna.<\/figcaption><\/figure>\n\n\n\n<p>Aamukampa on jo sen verran harvapiikkinen, ett\u00e4 laskin huvikseni j\u00e4ljell\u00e4 olevat tunnit H-hetkeen. Niit\u00e4 on 91. Se on jo aika v\u00e4h\u00e4n. Ja kilometrej\u00e4kin on jo alle 50 taivallettavana. Sekin on jo aika v\u00e4h\u00e4n.<\/p>\n\n\n\n<p><strong>P\u00e4iv\u00e4 362: Rupattelua<\/strong><\/p>\n\n\n\n<p>P\u00e4iv\u00e4n matka eteni rivakasti, sill\u00e4 siit\u00e4 pitk\u00e4t p\u00e4tk\u00e4t kulki tiet\u00e4 pitkin. Er\u00e4\u00e4n pienen tien vieress\u00e4 oli pellolla maanviljelij\u00e4 traktoreineen hommissa. Farmari pys\u00e4ytti traktorinsa ja tuli juttelemaan. Ja juttua riitti. Mies muistutti sill\u00e4 tavalla positiivisessa mieless\u00e4 Kummelin Matti N\u00e4s\u00e4\u00e4. Tarinaa tuli s\u00e4ist\u00e4 ja s\u00e4iden vierist\u00e4. Ja siit\u00e4 kuinka paliskunnan rahastonhoitaja oli ottanut omiin taskuihinsa v\u00e4h\u00e4n muidenkin rahoja, ja olikin nyt sitten poroton. Mies kutsui viel\u00e4 k\u00e4ym\u00e4\u00e4n kahvillakin, mutta mukavan lupsakasta rupattelusta huolimatta p\u00e4\u00e4tin kuitenkin jatkaa matkaa.<\/p>\n\n\n\n<figure class=\"wp-block-image size-large\"><img data-recalc-dims=\"1\" height=\"683\" width=\"1024\" decoding=\"async\" src=\"https:\/\/i0.wp.com\/maanjataivaanvali.com\/wp-content\/uploads\/2021\/06\/dsc03422-1024x683.jpg?resize=1024%2C683&#038;ssl=1\" alt=\"\" class=\"wp-image-1896\"\/><figcaption>Kerrostalo hyvien kulkuyhteyksien varrella.<\/figcaption><\/figure>\n\n\n\n<p>Eilen kirjoitin, ett\u00e4 t\u00e4llainen \u201djarruttelu\u201d on siin\u00e4 mieless\u00e4 hyv\u00e4, ett\u00e4 saa ainakin kasailla ajatuksia ihan rauhassa. T\u00e4n\u00e4\u00e4n t\u00e4llainen ajantappaminen tuntui pelk\u00e4st\u00e4\u00e4n turhauttavalta. Illat muodostuvat turhan pitkiksi, kun on jo yhden aikoihin leiriss\u00e4. Sit\u00e4 ei vain oikein malttaisi en\u00e4\u00e4 odotella.<\/p>\n\n\n\n<figure class=\"wp-block-image size-large\"><img data-recalc-dims=\"1\" height=\"683\" width=\"1024\" decoding=\"async\" src=\"https:\/\/i0.wp.com\/maanjataivaanvali.com\/wp-content\/uploads\/2021\/06\/dsc03424-1024x683.jpg?resize=1024%2C683&#038;ssl=1\" alt=\"\" class=\"wp-image-1895\"\/><figcaption>T\u00e4m\u00e4n vaelluksen kuudes ja viimeinen kansallispuisto.<\/figcaption><\/figure>\n\n\n\n<p>Pitk\u00e4st\u00e4 aikaa leiripaikka olis sellaisen j\u00e4rven rannalla, josta p\u00e4\u00e4si ihan uimaankin. Niinp\u00e4 pulahdinkin heti p\u00e4iv\u00e4unien j\u00e4lkeen vilvoittavaan veteen. Ai ett\u00e4 teki hyv\u00e4\u00e4. Ja viel\u00e4 kun mets\u00e4palovaarakaan ei ollut p\u00e4\u00e4ll\u00e4, niin sai kokkailtua p\u00e4iv\u00e4llisen ihan avotulella. Ehk\u00e4 ajantappamisessa on sittenkin puolensa.<\/p>\n\n\n\n<figure class=\"wp-block-image size-large\"><img data-recalc-dims=\"1\" height=\"683\" width=\"1024\" decoding=\"async\" src=\"https:\/\/i0.wp.com\/maanjataivaanvali.com\/wp-content\/uploads\/2021\/06\/dsc03426-1024x683.jpg?resize=1024%2C683&#038;ssl=1\" alt=\"\" class=\"wp-image-1898\"\/><figcaption>Kouvan laavu.<\/figcaption><\/figure>\n\n\n\n<figure class=\"wp-block-image size-large\"><img data-recalc-dims=\"1\" height=\"683\" width=\"1024\" decoding=\"async\" src=\"https:\/\/i0.wp.com\/maanjataivaanvali.com\/wp-content\/uploads\/2021\/06\/dsc03427-1024x683.jpg?resize=1024%2C683&#038;ssl=1\" alt=\"\" class=\"wp-image-1897\"\/><figcaption>Virkist\u00e4v\u00e4 pulahdus Kouvaj\u00e4rveen.<\/figcaption><\/figure>\n\n\n\n<p><strong>P\u00e4iv\u00e4 363: El\u00e4inp\u00e4iv\u00e4<\/strong><\/p>\n\n\n\n<p>T\u00e4n\u00e4\u00e4n oli etenkin aamup\u00e4iv\u00e4ll\u00e4 niin mielett\u00f6m\u00e4n kevyt ja aurinkoinen olo, ett\u00e4 ihan laulatti. En nyt \u00e4\u00e4neen kehdannut (t\u00e4ll\u00e4 kertaa) hoilotella, mutta mieless\u00e4ni vetelin jos jonkin n\u00e4k\u00f6ist\u00e4 viisua.<\/p>\n\n\n\n<p>Hetken kuljettuani riekko\u00e4iti juoksi polun poikki per\u00e4ss\u00e4\u00e4n 5-6 ihan pient\u00e4 riekkotipusta. Suloisia taapertajia ja kova oli piipitys. \u00c4itimuori ilmeisesti yritti saada t\u00e4llaisen uhkatekij\u00e4n huomion kiinnitetty\u00e4 itseens\u00e4, sill\u00e4 se hyppi ja juoksi et\u00e4\u00e4mm\u00e4lle pesueesta. Mielenkiintoinen n\u00e4ytelm\u00e4, mutta en j\u00e4\u00e4nyt sit\u00e4 pidemm\u00e4ksi aikaa seuraamaan, vaan j\u00e4tin riekkoperheen omaan rauhaansa.<\/p>\n\n\n\n<figure class=\"wp-block-image size-large\"><img data-recalc-dims=\"1\" height=\"683\" width=\"1024\" decoding=\"async\" src=\"https:\/\/i0.wp.com\/maanjataivaanvali.com\/wp-content\/uploads\/2021\/06\/dsc03437-1024x683.jpg?resize=1024%2C683&#038;ssl=1\" alt=\"\" class=\"wp-image-1904\"\/><figcaption>Soita ja vaaroja.<\/figcaption><\/figure>\n\n\n\n<p>Hetken p\u00e4\u00e4st\u00e4 tuosta lintukohtaamisesta oli nelijalkaisten vuoro. Mets\u00e4autotiell\u00e4 edess\u00e4ni hengaili suurehko poropoppoo. Mukana oli my\u00f6s pieni\u00e4 vasoja. Poroporukka p\u00e4\u00e4sti minut melko l\u00e4helle, ennen kuin kirmasi mets\u00e4\u00e4n kellot kalkattaen. Porot kuitenkin ilmeisesti unohtivat ottaa seuranaan olleet paarmat mukaan. Kymmenien porojen juhlalounas oli paarmoilla h\u00e4vinnyt mets\u00e4\u00e4n, ja nyt niill\u00e4 oli vain yksi toivo saada ev\u00e4st\u00e4 &#8211; min\u00e4. Voin kertoa, ett\u00e4 hetken aikaa k\u00e4velin melko reipasta tahtia, ett\u00e4 sain edes osan paarmoista pudotettua kyydist\u00e4.<\/p>\n\n\n\n<figure class=\"wp-block-image size-large\"><img data-recalc-dims=\"1\" height=\"647\" width=\"1024\" decoding=\"async\" src=\"https:\/\/i0.wp.com\/maanjataivaanvali.com\/wp-content\/uploads\/2021\/06\/dsc03432-1024x647.jpg?resize=1024%2C647&#038;ssl=1\" alt=\"\" class=\"wp-image-1903\"\/><figcaption>Poroporukka.<\/figcaption><\/figure>\n\n\n\n<p>Lounastelin itse Rytipirtill\u00e4. Siin\u00e4 pihapiiriss\u00e4 on n\u00e4in kes\u00e4aikaan lampaita laiduntamassa, mutta nyt ne olivat sen verran keskell\u00e4 aitaustaan, ett\u00e4 vain p\u00e4it\u00e4 n\u00e4kyi silloin t\u00e4ll\u00f6in heinien seasta. Lounaalla kai olivat nekin. Tulipaikka oli sopivasti varjon puolella, joten siin\u00e4 oli hyv\u00e4 tehd\u00e4 riisi-kananmuna-chorizo -h\u00e4ss\u00e4kk\u00e4\u00e4.<\/p>\n\n\n\n<figure class=\"wp-block-image size-large\"><img data-recalc-dims=\"1\" height=\"683\" width=\"1024\" decoding=\"async\" src=\"https:\/\/i0.wp.com\/maanjataivaanvali.com\/wp-content\/uploads\/2021\/06\/dsc03434-1024x683.jpg?resize=1024%2C683&#038;ssl=1\" alt=\"\" class=\"wp-image-1902\"\/><figcaption>Rytipirtin niitty\u00e4.<\/figcaption><\/figure>\n\n\n\n<p>Aurinko paisteli l\u00e4hes pilvett\u00f6m\u00e4lt\u00e4 taivaalta, ja l\u00e4mp\u00f6tila huiteli jossain parinkympin kieppeill\u00e4. Kovasti siis harmittelin, ett\u00e4 y\u00f6paikaksi valikoituneen Peuronlammen lampi oli sen verran soinen (lue: mutarantainen) ett\u00e4 uimisen j\u00e4lkeen olisi kyll\u00e4 ollut likaisempi kuin sinne menness\u00e4. Virkistyneempi tosin. Onneksi mukava tuulenvire nousi iltaa kohti, joten varjossa laavulla oli ihan mukavan viile\u00e4 olla, eik\u00e4 telttakaan kuumentunut liikaa.<\/p>\n\n\n\n<figure class=\"wp-block-image size-large\"><img data-recalc-dims=\"1\" height=\"683\" width=\"1024\" decoding=\"async\" src=\"https:\/\/i0.wp.com\/maanjataivaanvali.com\/wp-content\/uploads\/2021\/06\/dsc03439-1024x683.jpg?resize=1024%2C683&#038;ssl=1\" alt=\"\" class=\"wp-image-1905\"\/><figcaption>Peuronlampi.<\/figcaption><\/figure>\n\n\n\n<p>Tuntuu ihan k\u00e4sitt\u00e4m\u00e4tt\u00f6m\u00e4lt\u00e4, ett\u00e4 huomisaamuna Heidi jo l\u00e4htee ajelemaan Tampereelta kohti Sy\u00f6tett\u00e4. T\u00e4ss\u00e4 on jo laskettu p\u00e4ivi\u00e4 ja tuntejakin. Mutta huomisaamuna kilometrit v\u00e4lill\u00e4mme alkavat v\u00e4henty\u00e4 nopeasti.<\/p>\n\n\n\n<figure class=\"wp-block-image size-large\"><img data-recalc-dims=\"1\" height=\"683\" width=\"1024\" decoding=\"async\" src=\"https:\/\/i0.wp.com\/maanjataivaanvali.com\/wp-content\/uploads\/2021\/06\/dsc03440-1-1024x683.jpg?resize=1024%2C683&#038;ssl=1\" alt=\"\" class=\"wp-image-1908\"\/><figcaption>Minulla ei en\u00e4\u00e4 kilometrej\u00e4 ole kauheasti. Hiukan nyt kuitenkin tulee enemm\u00e4n kuin tuo 16km.<\/figcaption><\/figure>\n\n\n\n<p>Paistelin illalla viel\u00e4 viimeisen naan-leiv\u00e4n ja nautiskelin sen reippaan voin kanssa. Jaksaapahan taas lev\u00e4t\u00e4.<\/p>\n\n\n\n<p><strong>P\u00e4iv\u00e4 364: Loppusuora<\/strong><\/p>\n\n\n\n<p>Her\u00e4sin pitk\u00e4st\u00e4 aikaa siihen, ett\u00e4 aurinko porotti teltan l\u00e4mp\u00f6tilan nukkumiskelvottomiin lukemiin. Kello oli kuitenkin jo kahdeksan, joten ihan hyvin sain siis nukuttua, ja nyt olikin jo aika nousta.<\/p>\n\n\n\n<p>Jollain tavoin t\u00e4m\u00e4 p\u00e4iv\u00e4 tuntuu kuin se olisi vaelluksen viimeinen p\u00e4iv\u00e4. Huominen on mieless\u00e4ni en\u00e4\u00e4 pieni siirtym\u00e4, ensin n. 5km yksin ja sitten toinen mokoma Heidin kanssa yhdess\u00e4. Mieless\u00e4ni py\u00f6ri useaan otteeseen se, ett\u00e4 joku asia tehtiin t\u00e4n\u00e4\u00e4n viimeist\u00e4 kertaa. Viimeiset aamupuurot (huomenna on munakasta), viimeinen lounas, viimeisen kerran leirin pystytys. Se jotenkin konkretisoi sen, ett\u00e4 t\u00e4m\u00e4 uskomaton seikkailu on ihan aikuisten oikeasti nyt loppumassa.<\/p>\n\n\n\n<figure class=\"wp-block-image size-large\"><img data-recalc-dims=\"1\" height=\"683\" width=\"1024\" decoding=\"async\" src=\"https:\/\/i0.wp.com\/maanjataivaanvali.com\/wp-content\/uploads\/2021\/06\/dsc03437-1024x683.jpg?resize=1024%2C683&#038;ssl=1\" alt=\"\" class=\"wp-image-1904\"\/><figcaption>Suomaisemaa.<\/figcaption><\/figure>\n\n\n\n<p>Matka eteni nopeasti, kun k\u00e4velyyn ei kiinnitt\u00e4nyt mit\u00e4\u00e4n huomiota. Ajatukset sinkoilivat sinne t\u00e4nne, mutta mieli oli tyyni ja aurinkoinen. V\u00e4h\u00e4n niin kuin ilmakin. Muistelin vaellukseni vaiheita ihan j\u00e4rjestyksess\u00e4, alkaen ensimm\u00e4isen p\u00e4iv\u00e4n kaatosateesta ja jalan rikkomisesta. Lemmenjoen er\u00e4maat ja Muotkan huikeat tunturimaisemat, is\u00e4 vaellusseurana Paistuntureilla, hilpe\u00e4n hauska N\u00e4\u00e4t\u00e4m\u00f6joen lasku packraftilla, V\u00e4ts\u00e4rin kivikot ja ruskainen UK-puisto. Tietysti se suuri tapahtuma, jossa Heidi astui el\u00e4m\u00e4\u00e4ni. Talven kaamokset, pakkaset Hammastunturissa ja lumipyryt. Kev\u00e4isen kaunis UK-puisto yst\u00e4vien seurassa ja sel\u00e4n ven\u00e4ytys viimeisell\u00e4 hiihto-osuudella. Kev\u00e4\u00e4n tuleminen Savukoskella parhaassa seurassa. Hankir\u00e4mpiminen matkalla Naruskaan ja Karhunkierroksen helteet. Poluttomat reittimerkit ja Riisitunturin puisto.<\/p>\n\n\n\n<p>Niin paljon kokemuksia ja el\u00e4myksi\u00e4. On t\u00e4ss\u00e4 syntynyt melkoinen m\u00e4\u00e4r\u00e4 tarinoita kerrottavaksi. Noita muistellessa ja tuumaillessa meinasi useasti menn\u00e4 roska silm\u00e4\u00e4n. Ahmakallion n\u00e4k\u00f6tornissa ei roskia en\u00e4\u00e4 voinut v\u00e4ist\u00e4\u00e4. Siell\u00e4 oli jo ihan konkreettisesti maali n\u00e4kyviss\u00e4. Iso-Sy\u00f6te siell\u00e4 kohosi helteisess\u00e4 maisemassa. Sinne sitten huomenna. Tuijottelin maisemaa siin\u00e4 tovin jos toisenkin.<\/p>\n\n\n\n<figure class=\"wp-block-image size-large\"><img data-recalc-dims=\"1\" height=\"683\" width=\"1024\" decoding=\"async\" src=\"https:\/\/i0.wp.com\/maanjataivaanvali.com\/wp-content\/uploads\/2021\/06\/dsc03441-1024x683.jpg?resize=1024%2C683&#038;ssl=1\" alt=\"\" class=\"wp-image-1914\"\/><figcaption>Maali n\u00e4kyviss\u00e4.<\/figcaption><\/figure>\n\n\n\n<p>UKK-reitti Posion ja Sy\u00f6tteen v\u00e4lill\u00e4 on haastava mutta upea. Haastavuus syntyy reittimerkinn\u00f6ist\u00e4 ja poluttomista osuuksista. Mutta ainakin omaa rauhaa arvostavalle reitti on todellinen helmi, sill\u00e4 koko matkalla tapasin ainoastaan yhden vaeltajan.<\/p>\n\n\n\n<figure class=\"wp-block-image size-large\"><img data-recalc-dims=\"1\" height=\"683\" width=\"1024\" decoding=\"async\" src=\"https:\/\/i0.wp.com\/maanjataivaanvali.com\/wp-content\/uploads\/2021\/06\/dsc03444-1024x683.jpg?resize=1024%2C683&#038;ssl=1\" alt=\"\" class=\"wp-image-1913\"\/><figcaption>Hymy on herk\u00e4ss\u00e4 ja tunteet pinnassa.<\/figcaption><\/figure>\n\n\n\n<p>Huomenna on sitten edess\u00e4 se H-hetki, jota t\u00e4ss\u00e4 onkin jo odoteltu. Pitk\u00e4 seikkailu tulee p\u00e4\u00e4t\u00f6kseen, ja alkaa ihan uudenlaiset seikkailut. Odotan niit\u00e4 jo innolla.<\/p>\n\n\n\n<p>En tee kiusallani sit\u00e4, ett\u00e4 t\u00e4st\u00e4 kirjoituksesta tuo viimeinen p\u00e4iv\u00e4 j\u00e4\u00e4 viel\u00e4 ensi kertaan. Eli ei siis ole kyseess\u00e4 klassinen \u201djatkuu ensi kerralla\u201d juuri kun ollaan j\u00e4nn\u00e4n \u00e4\u00e4rell\u00e4. Syy t\u00e4h\u00e4n jakoon on se, ett\u00e4 en todellakaan halua huomenna k\u00e4ytt\u00e4\u00e4 aikaa kirjoittamiseen. Enp\u00e4 tied\u00e4 edes pystyisink\u00f6, sill\u00e4 saattaa olla aikamoinen tunteiden sekamelska luvassa.<\/p>\n\n\n\n<figure class=\"wp-block-image size-large\"><img data-recalc-dims=\"1\" height=\"683\" width=\"1024\" decoding=\"async\" src=\"https:\/\/i0.wp.com\/maanjataivaanvali.com\/wp-content\/uploads\/2021\/06\/dsc03448-1024x683.jpg?resize=1024%2C683&#038;ssl=1\" alt=\"\" class=\"wp-image-1915\"\/><figcaption>Ahmatuvan vuokra- ja autiotupa.<\/figcaption><\/figure>\n\n\n\n<p>Viimeisen p\u00e4iv\u00e4n p\u00e4iv\u00e4kirja ja kotiutumisen ensiaskeleet sitten ensi kerralla. Nyt l\u00e4hden laittamaan viimeisen p\u00e4iv\u00e4llisen. Ja kaakaon. Ja karkit.<\/p>\n\n\n\n<figure class=\"wp-block-image size-large\"><img data-recalc-dims=\"1\" height=\"683\" width=\"1024\" decoding=\"async\" src=\"https:\/\/i0.wp.com\/maanjataivaanvali.com\/wp-content\/uploads\/2021\/06\/dsc03446-1024x683.jpg?resize=1024%2C683&#038;ssl=1\" alt=\"\" class=\"wp-image-1916\"\/><figcaption>N.10\/2800km j\u00e4ljell\u00e4<\/figcaption><\/figure>\n","protected":false},"excerpt":{"rendered":"<p>P\u00e4iv\u00e4 357: Ukkosta ilmassa T\u00e4st\u00e4 se sitten alkaa. Vuoden vaelluksen viimeisen lastun vuoleminen. Reilu viikko ja runsaat 100 kilometri\u00e4 j\u00e4ljell\u00e4. Ajatukset py\u00f6riv\u00e4t melkoista karuselli\u00e4. Sana \u201dep\u00e4todellinen\u201d kuvaa tunnetta aika hyvin. Eilen puhelimessa naureskelin Heidille, ett\u00e4 toivottavasti t\u00e4ll\u00e4 etapilla ei ole kovin hienoja maisemia, sill\u00e4 ne saattavat v\u00e4h\u00e4n menn\u00e4 ohi. Jotenkin on jo aika vahvasti sellainen [&hellip;]<\/p>\n","protected":false},"author":1,"featured_media":0,"comment_status":"open","ping_status":"open","sticky":false,"template":"","format":"standard","meta":{"ocean_post_layout":"","ocean_both_sidebars_style":"","ocean_both_sidebars_content_width":0,"ocean_both_sidebars_sidebars_width":0,"ocean_sidebar":"","ocean_second_sidebar":"","ocean_disable_margins":"enable","ocean_add_body_class":"","ocean_shortcode_before_top_bar":"","ocean_shortcode_after_top_bar":"","ocean_shortcode_before_header":"","ocean_shortcode_after_header":"","ocean_has_shortcode":"","ocean_shortcode_after_title":"","ocean_shortcode_before_footer_widgets":"","ocean_shortcode_after_footer_widgets":"","ocean_shortcode_before_footer_bottom":"","ocean_shortcode_after_footer_bottom":"","ocean_display_top_bar":"default","ocean_display_header":"default","ocean_header_style":"","ocean_center_header_left_menu":"","ocean_custom_header_template":"","ocean_custom_logo":0,"ocean_custom_retina_logo":0,"ocean_custom_logo_max_width":0,"ocean_custom_logo_tablet_max_width":0,"ocean_custom_logo_mobile_max_width":0,"ocean_custom_logo_max_height":0,"ocean_custom_logo_tablet_max_height":0,"ocean_custom_logo_mobile_max_height":0,"ocean_header_custom_menu":"","ocean_menu_typo_font_family":"","ocean_menu_typo_font_subset":"","ocean_menu_typo_font_size":0,"ocean_menu_typo_font_size_tablet":0,"ocean_menu_typo_font_size_mobile":0,"ocean_menu_typo_font_size_unit":"px","ocean_menu_typo_font_weight":"","ocean_menu_typo_font_weight_tablet":"","ocean_menu_typo_font_weight_mobile":"","ocean_menu_typo_transform":"","ocean_menu_typo_transform_tablet":"","ocean_menu_typo_transform_mobile":"","ocean_menu_typo_line_height":0,"ocean_menu_typo_line_height_tablet":0,"ocean_menu_typo_line_height_mobile":0,"ocean_menu_typo_line_height_unit":"","ocean_menu_typo_spacing":0,"ocean_menu_typo_spacing_tablet":0,"ocean_menu_typo_spacing_mobile":0,"ocean_menu_typo_spacing_unit":"","ocean_menu_link_color":"","ocean_menu_link_color_hover":"","ocean_menu_link_color_active":"","ocean_menu_link_background":"","ocean_menu_link_hover_background":"","ocean_menu_link_active_background":"","ocean_menu_social_links_bg":"","ocean_menu_social_hover_links_bg":"","ocean_menu_social_links_color":"","ocean_menu_social_hover_links_color":"","ocean_disable_title":"default","ocean_disable_heading":"default","ocean_post_title":"","ocean_post_subheading":"","ocean_post_title_style":"","ocean_post_title_background_color":"","ocean_post_title_background":0,"ocean_post_title_bg_image_position":"","ocean_post_title_bg_image_attachment":"","ocean_post_title_bg_image_repeat":"","ocean_post_title_bg_image_size":"","ocean_post_title_height":0,"ocean_post_title_bg_overlay":0.5,"ocean_post_title_bg_overlay_color":"","ocean_disable_breadcrumbs":"default","ocean_breadcrumbs_color":"","ocean_breadcrumbs_separator_color":"","ocean_breadcrumbs_links_color":"","ocean_breadcrumbs_links_hover_color":"","ocean_display_footer_widgets":"default","ocean_display_footer_bottom":"default","ocean_custom_footer_template":"","jetpack_post_was_ever_published":false,"_jetpack_newsletter_access":"","_jetpack_dont_email_post_to_subs":false,"_jetpack_newsletter_tier_id":0,"_jetpack_memberships_contains_paywalled_content":false,"_jetpack_memberships_contains_paid_content":false,"ocean_post_oembed":"","ocean_post_self_hosted_media":"","ocean_post_video_embed":"","ocean_link_format":"","ocean_link_format_target":"self","ocean_quote_format":"","ocean_quote_format_link":"post","ocean_gallery_link_images":"on","ocean_gallery_id":[],"footnotes":""},"categories":[6,1],"tags":[20,51,141,145,154,157,158,198,199,204,205,219],"class_list":["post-1865","post","type-post","status-publish","format-standard","hentry","category-vaellusvuotta-vuolemassa","category-yleinen","tag-eramaa","tag-iso-syote","tag-pitka-vaellus","tag-posio","tag-reissukertomukset","tag-retkeily","tag-retkikertomuksia","tag-ukk-reitti","tag-ulko-vesa","tag-vaellus","tag-vaellusvuotta-vuolemassa","tag-vuoden-vaellus","entry"],"yoast_head":"<!-- This site is optimized with the Yoast SEO plugin v27.5 - https:\/\/yoast.com\/product\/yoast-seo-wordpress\/ -->\n<title>22-29.6 Loppusuoralla, Posio-Sy\u00f6te -<\/title>\n<meta name=\"robots\" content=\"index, follow, max-snippet:-1, max-image-preview:large, max-video-preview:-1\" \/>\n<link rel=\"canonical\" href=\"https:\/\/maanjataivaanvali.com\/?p=1865\" \/>\n<meta property=\"og:locale\" content=\"fi_FI\" \/>\n<meta property=\"og:type\" content=\"article\" \/>\n<meta property=\"og:title\" content=\"22-29.6 Loppusuoralla, Posio-Sy\u00f6te -\" \/>\n<meta property=\"og:description\" content=\"P\u00e4iv\u00e4 357: Ukkosta ilmassa T\u00e4st\u00e4 se sitten alkaa. Vuoden vaelluksen viimeisen lastun vuoleminen. Reilu viikko ja runsaat 100 kilometri\u00e4 j\u00e4ljell\u00e4. Ajatukset py\u00f6riv\u00e4t melkoista karuselli\u00e4. Sana \u201dep\u00e4todellinen\u201d kuvaa tunnetta aika hyvin. Eilen puhelimessa naureskelin Heidille, ett\u00e4 toivottavasti t\u00e4ll\u00e4 etapilla ei ole kovin hienoja maisemia, sill\u00e4 ne saattavat v\u00e4h\u00e4n menn\u00e4 ohi. Jotenkin on jo aika vahvasti sellainen [&hellip;]\" \/>\n<meta property=\"og:url\" content=\"https:\/\/maanjataivaanvali.com\/?p=1865\" \/>\n<meta property=\"article:published_time\" content=\"2021-06-28T15:12:13+00:00\" \/>\n<meta property=\"article:modified_time\" content=\"2022-08-10T07:34:24+00:00\" \/>\n<meta property=\"og:image\" content=\"https:\/\/maanjataivaanvali.com\/wp-content\/uploads\/2021\/06\/dsc03373-1024x683.jpg\" \/>\n<meta name=\"author\" content=\"Vesa\" \/>\n<meta name=\"twitter:card\" content=\"summary_large_image\" \/>\n<meta name=\"twitter:label1\" content=\"Kirjoittanut\" \/>\n\t<meta name=\"twitter:data1\" content=\"Vesa\" \/>\n\t<meta name=\"twitter:label2\" content=\"Arvioitu lukuaika\" \/>\n\t<meta name=\"twitter:data2\" content=\"13 minuuttia\" \/>\n<script type=\"application\/ld+json\" class=\"yoast-schema-graph\">{\"@context\":\"https:\\\/\\\/schema.org\",\"@graph\":[{\"@type\":\"Article\",\"@id\":\"https:\\\/\\\/maanjataivaanvali.com\\\/?p=1865#article\",\"isPartOf\":{\"@id\":\"https:\\\/\\\/maanjataivaanvali.com\\\/?p=1865\"},\"author\":{\"name\":\"Vesa\",\"@id\":\"https:\\\/\\\/maanjataivaanvali.com\\\/#\\\/schema\\\/person\\\/a985ef42807101452f9cfc1533530c37\"},\"headline\":\"22-29.6 Loppusuoralla, Posio-Sy\u00f6te\",\"datePublished\":\"2021-06-28T15:12:13+00:00\",\"dateModified\":\"2022-08-10T07:34:24+00:00\",\"mainEntityOfPage\":{\"@id\":\"https:\\\/\\\/maanjataivaanvali.com\\\/?p=1865\"},\"wordCount\":2545,\"commentCount\":2,\"image\":{\"@id\":\"https:\\\/\\\/maanjataivaanvali.com\\\/?p=1865#primaryimage\"},\"thumbnailUrl\":\"https:\\\/\\\/maanjataivaanvali.com\\\/wp-content\\\/uploads\\\/2021\\\/06\\\/dsc03373-1024x683.jpg\",\"keywords\":[\"Er\u00e4maa\",\"Iso-Sy\u00f6te\",\"Pitk\u00e4 vaellus\",\"Posio\",\"Reissukertomukset\",\"Retkeily\",\"Retkikertomuksia\",\"UKK-reitti\",\"Ulko-Vesa\",\"Vaellus\",\"Vaellusvuotta vuolemassa\",\"Vuoden vaellus\"],\"articleSection\":[\"Vaellusvuotta vuolemassa\"],\"inLanguage\":\"fi\",\"potentialAction\":[{\"@type\":\"CommentAction\",\"name\":\"Comment\",\"target\":[\"https:\\\/\\\/maanjataivaanvali.com\\\/?p=1865#respond\"]}]},{\"@type\":\"WebPage\",\"@id\":\"https:\\\/\\\/maanjataivaanvali.com\\\/?p=1865\",\"url\":\"https:\\\/\\\/maanjataivaanvali.com\\\/?p=1865\",\"name\":\"22-29.6 Loppusuoralla, Posio-Sy\u00f6te -\",\"isPartOf\":{\"@id\":\"https:\\\/\\\/maanjataivaanvali.com\\\/#website\"},\"primaryImageOfPage\":{\"@id\":\"https:\\\/\\\/maanjataivaanvali.com\\\/?p=1865#primaryimage\"},\"image\":{\"@id\":\"https:\\\/\\\/maanjataivaanvali.com\\\/?p=1865#primaryimage\"},\"thumbnailUrl\":\"https:\\\/\\\/maanjataivaanvali.com\\\/wp-content\\\/uploads\\\/2021\\\/06\\\/dsc03373-1024x683.jpg\",\"datePublished\":\"2021-06-28T15:12:13+00:00\",\"dateModified\":\"2022-08-10T07:34:24+00:00\",\"author\":{\"@id\":\"https:\\\/\\\/maanjataivaanvali.com\\\/#\\\/schema\\\/person\\\/a985ef42807101452f9cfc1533530c37\"},\"breadcrumb\":{\"@id\":\"https:\\\/\\\/maanjataivaanvali.com\\\/?p=1865#breadcrumb\"},\"inLanguage\":\"fi\",\"potentialAction\":[{\"@type\":\"ReadAction\",\"target\":[\"https:\\\/\\\/maanjataivaanvali.com\\\/?p=1865\"]}]},{\"@type\":\"ImageObject\",\"inLanguage\":\"fi\",\"@id\":\"https:\\\/\\\/maanjataivaanvali.com\\\/?p=1865#primaryimage\",\"url\":\"https:\\\/\\\/maanjataivaanvali.com\\\/wp-content\\\/uploads\\\/2021\\\/06\\\/dsc03373-1024x683.jpg\",\"contentUrl\":\"https:\\\/\\\/maanjataivaanvali.com\\\/wp-content\\\/uploads\\\/2021\\\/06\\\/dsc03373-1024x683.jpg\"},{\"@type\":\"BreadcrumbList\",\"@id\":\"https:\\\/\\\/maanjataivaanvali.com\\\/?p=1865#breadcrumb\",\"itemListElement\":[{\"@type\":\"ListItem\",\"position\":1,\"name\":\"Etusivu\",\"item\":\"https:\\\/\\\/maanjataivaanvali.com\\\/\"},{\"@type\":\"ListItem\",\"position\":2,\"name\":\"22-29.6 Loppusuoralla, Posio-Sy\u00f6te\"}]},{\"@type\":\"WebSite\",\"@id\":\"https:\\\/\\\/maanjataivaanvali.com\\\/#website\",\"url\":\"https:\\\/\\\/maanjataivaanvali.com\\\/\",\"name\":\"\",\"description\":\"\",\"potentialAction\":[{\"@type\":\"SearchAction\",\"target\":{\"@type\":\"EntryPoint\",\"urlTemplate\":\"https:\\\/\\\/maanjataivaanvali.com\\\/?s={search_term_string}\"},\"query-input\":{\"@type\":\"PropertyValueSpecification\",\"valueRequired\":true,\"valueName\":\"search_term_string\"}}],\"inLanguage\":\"fi\"},{\"@type\":\"Person\",\"@id\":\"https:\\\/\\\/maanjataivaanvali.com\\\/#\\\/schema\\\/person\\\/a985ef42807101452f9cfc1533530c37\",\"name\":\"Vesa\",\"image\":{\"@type\":\"ImageObject\",\"inLanguage\":\"fi\",\"@id\":\"https:\\\/\\\/secure.gravatar.com\\\/avatar\\\/76b96bca64b34384e8695058499783cceb215a662449543d25501913ac533377?s=96&d=mm&r=g\",\"url\":\"https:\\\/\\\/secure.gravatar.com\\\/avatar\\\/76b96bca64b34384e8695058499783cceb215a662449543d25501913ac533377?s=96&d=mm&r=g\",\"contentUrl\":\"https:\\\/\\\/secure.gravatar.com\\\/avatar\\\/76b96bca64b34384e8695058499783cceb215a662449543d25501913ac533377?s=96&d=mm&r=g\",\"caption\":\"Vesa\"},\"url\":\"https:\\\/\\\/maanjataivaanvali.com\\\/?author=1\"}]}<\/script>\n<!-- \/ Yoast SEO plugin. -->","yoast_head_json":{"title":"22-29.6 Loppusuoralla, Posio-Sy\u00f6te -","robots":{"index":"index","follow":"follow","max-snippet":"max-snippet:-1","max-image-preview":"max-image-preview:large","max-video-preview":"max-video-preview:-1"},"canonical":"https:\/\/maanjataivaanvali.com\/?p=1865","og_locale":"fi_FI","og_type":"article","og_title":"22-29.6 Loppusuoralla, Posio-Sy\u00f6te -","og_description":"P\u00e4iv\u00e4 357: Ukkosta ilmassa T\u00e4st\u00e4 se sitten alkaa. Vuoden vaelluksen viimeisen lastun vuoleminen. Reilu viikko ja runsaat 100 kilometri\u00e4 j\u00e4ljell\u00e4. Ajatukset py\u00f6riv\u00e4t melkoista karuselli\u00e4. Sana \u201dep\u00e4todellinen\u201d kuvaa tunnetta aika hyvin. Eilen puhelimessa naureskelin Heidille, ett\u00e4 toivottavasti t\u00e4ll\u00e4 etapilla ei ole kovin hienoja maisemia, sill\u00e4 ne saattavat v\u00e4h\u00e4n menn\u00e4 ohi. Jotenkin on jo aika vahvasti sellainen [&hellip;]","og_url":"https:\/\/maanjataivaanvali.com\/?p=1865","article_published_time":"2021-06-28T15:12:13+00:00","article_modified_time":"2022-08-10T07:34:24+00:00","og_image":[{"url":"https:\/\/maanjataivaanvali.com\/wp-content\/uploads\/2021\/06\/dsc03373-1024x683.jpg","type":"","width":"","height":""}],"author":"Vesa","twitter_card":"summary_large_image","twitter_misc":{"Kirjoittanut":"Vesa","Arvioitu lukuaika":"13 minuuttia"},"schema":{"@context":"https:\/\/schema.org","@graph":[{"@type":"Article","@id":"https:\/\/maanjataivaanvali.com\/?p=1865#article","isPartOf":{"@id":"https:\/\/maanjataivaanvali.com\/?p=1865"},"author":{"name":"Vesa","@id":"https:\/\/maanjataivaanvali.com\/#\/schema\/person\/a985ef42807101452f9cfc1533530c37"},"headline":"22-29.6 Loppusuoralla, Posio-Sy\u00f6te","datePublished":"2021-06-28T15:12:13+00:00","dateModified":"2022-08-10T07:34:24+00:00","mainEntityOfPage":{"@id":"https:\/\/maanjataivaanvali.com\/?p=1865"},"wordCount":2545,"commentCount":2,"image":{"@id":"https:\/\/maanjataivaanvali.com\/?p=1865#primaryimage"},"thumbnailUrl":"https:\/\/maanjataivaanvali.com\/wp-content\/uploads\/2021\/06\/dsc03373-1024x683.jpg","keywords":["Er\u00e4maa","Iso-Sy\u00f6te","Pitk\u00e4 vaellus","Posio","Reissukertomukset","Retkeily","Retkikertomuksia","UKK-reitti","Ulko-Vesa","Vaellus","Vaellusvuotta vuolemassa","Vuoden vaellus"],"articleSection":["Vaellusvuotta vuolemassa"],"inLanguage":"fi","potentialAction":[{"@type":"CommentAction","name":"Comment","target":["https:\/\/maanjataivaanvali.com\/?p=1865#respond"]}]},{"@type":"WebPage","@id":"https:\/\/maanjataivaanvali.com\/?p=1865","url":"https:\/\/maanjataivaanvali.com\/?p=1865","name":"22-29.6 Loppusuoralla, Posio-Sy\u00f6te -","isPartOf":{"@id":"https:\/\/maanjataivaanvali.com\/#website"},"primaryImageOfPage":{"@id":"https:\/\/maanjataivaanvali.com\/?p=1865#primaryimage"},"image":{"@id":"https:\/\/maanjataivaanvali.com\/?p=1865#primaryimage"},"thumbnailUrl":"https:\/\/maanjataivaanvali.com\/wp-content\/uploads\/2021\/06\/dsc03373-1024x683.jpg","datePublished":"2021-06-28T15:12:13+00:00","dateModified":"2022-08-10T07:34:24+00:00","author":{"@id":"https:\/\/maanjataivaanvali.com\/#\/schema\/person\/a985ef42807101452f9cfc1533530c37"},"breadcrumb":{"@id":"https:\/\/maanjataivaanvali.com\/?p=1865#breadcrumb"},"inLanguage":"fi","potentialAction":[{"@type":"ReadAction","target":["https:\/\/maanjataivaanvali.com\/?p=1865"]}]},{"@type":"ImageObject","inLanguage":"fi","@id":"https:\/\/maanjataivaanvali.com\/?p=1865#primaryimage","url":"https:\/\/maanjataivaanvali.com\/wp-content\/uploads\/2021\/06\/dsc03373-1024x683.jpg","contentUrl":"https:\/\/maanjataivaanvali.com\/wp-content\/uploads\/2021\/06\/dsc03373-1024x683.jpg"},{"@type":"BreadcrumbList","@id":"https:\/\/maanjataivaanvali.com\/?p=1865#breadcrumb","itemListElement":[{"@type":"ListItem","position":1,"name":"Etusivu","item":"https:\/\/maanjataivaanvali.com\/"},{"@type":"ListItem","position":2,"name":"22-29.6 Loppusuoralla, Posio-Sy\u00f6te"}]},{"@type":"WebSite","@id":"https:\/\/maanjataivaanvali.com\/#website","url":"https:\/\/maanjataivaanvali.com\/","name":"","description":"","potentialAction":[{"@type":"SearchAction","target":{"@type":"EntryPoint","urlTemplate":"https:\/\/maanjataivaanvali.com\/?s={search_term_string}"},"query-input":{"@type":"PropertyValueSpecification","valueRequired":true,"valueName":"search_term_string"}}],"inLanguage":"fi"},{"@type":"Person","@id":"https:\/\/maanjataivaanvali.com\/#\/schema\/person\/a985ef42807101452f9cfc1533530c37","name":"Vesa","image":{"@type":"ImageObject","inLanguage":"fi","@id":"https:\/\/secure.gravatar.com\/avatar\/76b96bca64b34384e8695058499783cceb215a662449543d25501913ac533377?s=96&d=mm&r=g","url":"https:\/\/secure.gravatar.com\/avatar\/76b96bca64b34384e8695058499783cceb215a662449543d25501913ac533377?s=96&d=mm&r=g","contentUrl":"https:\/\/secure.gravatar.com\/avatar\/76b96bca64b34384e8695058499783cceb215a662449543d25501913ac533377?s=96&d=mm&r=g","caption":"Vesa"},"url":"https:\/\/maanjataivaanvali.com\/?author=1"}]}},"jetpack_featured_media_url":"","jetpack_sharing_enabled":true,"jetpack_likes_enabled":true,"_links":{"self":[{"href":"https:\/\/maanjataivaanvali.com\/index.php?rest_route=\/wp\/v2\/posts\/1865","targetHints":{"allow":["GET"]}}],"collection":[{"href":"https:\/\/maanjataivaanvali.com\/index.php?rest_route=\/wp\/v2\/posts"}],"about":[{"href":"https:\/\/maanjataivaanvali.com\/index.php?rest_route=\/wp\/v2\/types\/post"}],"author":[{"embeddable":true,"href":"https:\/\/maanjataivaanvali.com\/index.php?rest_route=\/wp\/v2\/users\/1"}],"replies":[{"embeddable":true,"href":"https:\/\/maanjataivaanvali.com\/index.php?rest_route=%2Fwp%2Fv2%2Fcomments&post=1865"}],"version-history":[{"count":3,"href":"https:\/\/maanjataivaanvali.com\/index.php?rest_route=\/wp\/v2\/posts\/1865\/revisions"}],"predecessor-version":[{"id":2500,"href":"https:\/\/maanjataivaanvali.com\/index.php?rest_route=\/wp\/v2\/posts\/1865\/revisions\/2500"}],"wp:attachment":[{"href":"https:\/\/maanjataivaanvali.com\/index.php?rest_route=%2Fwp%2Fv2%2Fmedia&parent=1865"}],"wp:term":[{"taxonomy":"category","embeddable":true,"href":"https:\/\/maanjataivaanvali.com\/index.php?rest_route=%2Fwp%2Fv2%2Fcategories&post=1865"},{"taxonomy":"post_tag","embeddable":true,"href":"https:\/\/maanjataivaanvali.com\/index.php?rest_route=%2Fwp%2Fv2%2Ftags&post=1865"}],"curies":[{"name":"wp","href":"https:\/\/api.w.org\/{rel}","templated":true}]}}